{"id":4699,"date":"2026-08-17T19:07:42","date_gmt":"2026-08-17T19:07:42","guid":{"rendered":"https:\/\/anhaber.net\/?p=4699"},"modified":"2026-08-17T19:07:43","modified_gmt":"2026-08-17T19:07:43","slug":"askin-nur-yengi-unutulmaz-sarkilariyla-ankara-ve-istanbulda","status":"publish","type":"post","link":"https:\/\/anhaber.net\/?p=4699","title":{"rendered":"A\u015fk\u0131n Nur Yengi unutulmaz \u015fark\u0131lar\u0131yla Ankara ve \u0130stanbul\u2019da&#8230;"},"content":{"rendered":"\n<p class=\"wp-block-paragraph\"><strong>T\u00fcrk pop m\u00fczi\u011finin g\u00fc\u00e7l\u00fc yorumcular\u0131ndan A\u015fk\u0131n Nur Yengi, sevilen \u015fark\u0131lar\u0131 ve etkileyici sahne performans\u0131yla 28 A\u011fustos\u2019ta Ankara Oran A\u00e7\u0131khava Sahnesi\u2019nde, 25 Eyl\u00fcl\u2019de ise \u0130stanbul Harbiye Cemil Topuzlu A\u00e7\u0131khava Sahnesi\u2019nde m\u00fczikseverlerle bulu\u015facak. Konserlerin biletleri T\u00fcrkiye\u2019nin etkinlik biletleme platformu Biletinial\u2019da.<\/strong><\/p>\n\n\n\n<p class=\"wp-block-paragraph\"><strong>BASIN B\u00dcLTEN\u0130 \u2013 17.08.2026<\/strong>&nbsp;T\u00fcrk pop m\u00fczi\u011finin g\u00fc\u00e7l\u00fc kad\u0131n vokallerinden A\u015fk\u0131n Nur Yengi, y\u0131llara yay\u0131lan m\u00fczik kariyerinin sevilen \u015fark\u0131lar\u0131n\u0131 sahneye ta\u015f\u0131maya devam ediyor. G\u00fc\u00e7l\u00fc vokali, kendine \u00f6zg\u00fc yorumuyla haf\u0131zalarda yer eden eserleri ve sahnedeki etkileyici performans\u0131yla m\u00fczikseverlere unutulmaz bir konser deneyimi ya\u015fatmaya haz\u0131rlanan sanat\u00e7\u0131, Ankara ve \u0130stanbul\u2019da sevenleriyle bir araya gelecek.&nbsp;<\/p>\n\n\n\n<p class=\"wp-block-paragraph\">A\u015fk\u0131n Nur Yengi, 28 A\u011fustos\u2019ta Oran A\u00e7\u0131khava Sahnesi\u2019nde Ankaral\u0131 m\u00fczikseverlerin kar\u015f\u0131s\u0131na \u00e7\u0131kacak. Sanat\u00e7\u0131, ard\u0131ndan 25 Eyl\u00fcl\u2019de Harbiye Cemil Topuzlu A\u00e7\u0131khava Sahnesi\u2019nde \u0130stanbullu hayranlar\u0131yla bulu\u015facak. Ment Event organizasyonuyla ger\u00e7ekle\u015fecek her iki konserin biletleri T\u00fcrkiye\u2019nin etkinlik biletleme platformu Biletinial \u00fczerinden sat\u0131\u015fa \u00e7\u0131kt\u0131.<\/p>\n\n\n\n<p class=\"wp-block-paragraph\">M\u00fczik kariyerine 1981 y\u0131l\u0131nda Onno Tun\u00e7 orkestras\u0131nda Sezen Aksu\u2019nun vokalisti olarak ba\u015flayan A\u015fk\u0131n Nur Yengi, 1990 y\u0131l\u0131nda yay\u0131mlad\u0131\u011f\u0131 ilk alb\u00fcm\u00fc&nbsp;<em>Sevgiliye<\/em>&nbsp;ile b\u00fcy\u00fck bir \u00e7\u0131k\u0131\u015f yakalad\u0131. 90\u2019l\u0131 y\u0131llar\u0131n \u00f6ne \u00e7\u0131kan kad\u0131n vokallerinden biri olan sanat\u00e7\u0131;&nbsp;<em>Sevgiliye<\/em>,&nbsp;<em>Hesap Ver<\/em>,&nbsp;<em>S\u0131ram\u0131 Bekliyorum<\/em>&nbsp;ve&nbsp;<em>Kara \u00c7i\u00e7e\u011fim<\/em>&nbsp;gibi alb\u00fcmleriyle T\u00fcrk pop m\u00fczi\u011finde kendine \u00f6zg\u00fc ve kal\u0131c\u0131 bir yer edindi. 2007 y\u0131l\u0131nda bu alb\u00fcmlerden se\u00e7ilen 13 \u015fark\u0131n\u0131n yer ald\u0131\u011f\u0131&nbsp;<em>A\u015fk\u2019\u0131n \u015eark\u0131lar\u0131<\/em>alb\u00fcm\u00fcn\u00fc de m\u00fczikseverlerle bulu\u015fturdu.<\/p>\n\n\n\n<figure class=\"wp-block-image size-full\"><img fetchpriority=\"high\" decoding=\"async\" width=\"600\" height=\"800\" src=\"https:\/\/anhaber.net\/wp-content\/uploads\/2026\/08\/1786962588_A__k__n_Nur_Yengi.jpg\" alt=\"\" class=\"wp-image-4700\" srcset=\"https:\/\/anhaber.net\/wp-content\/uploads\/2026\/08\/1786962588_A__k__n_Nur_Yengi.jpg 600w, https:\/\/anhaber.net\/wp-content\/uploads\/2026\/08\/1786962588_A__k__n_Nur_Yengi-225x300.jpg 225w\" sizes=\"(max-width: 600px) 100vw, 600px\" \/><\/figure>\n\n\n\n<p class=\"wp-block-paragraph\">Y\u0131llar i\u00e7inde m\u00fczik kariyerinin yan\u0131 s\u0131ra tiyatro oyunlar\u0131, reklam filmleri ve uzun metrajl\u0131 yap\u0131mlarda da rol alan A\u015fk\u0131n Nur Yengi, geni\u015f repertuvar\u0131 ve g\u00fc\u00e7l\u00fc sahne performans\u0131yla m\u00fczikseverlerle bulu\u015fmay\u0131 s\u00fcrd\u00fcr\u00fcyor. Ankara ve \u0130stanbul konserleri, sanat\u00e7\u0131n\u0131n zamans\u0131z \u015fark\u0131lar\u0131n\u0131 canl\u0131 dinlemek isteyenler i\u00e7in \u00f6zel bir bulu\u015fma vadediyor.<\/p>\n\n\n\n<p class=\"wp-block-paragraph\"><strong>Bilgi i\u00e7in:&nbsp;<\/strong><\/p>\n\n\n\n<p class=\"wp-block-paragraph\"><a href=\"mailto:pr@biletinial.com\" target=\"_blank\" rel=\"noreferrer noopener\">pr@biletinial.com<\/a><\/p>\n","protected":false},"excerpt":{"rendered":"<p>T\u00fcrk pop m\u00fczi\u011finin g\u00fc\u00e7l\u00fc yorumcular\u0131ndan A\u015fk\u0131n Nur Yengi, sevilen \u015fark\u0131lar\u0131 ve etkileyici sahne performans\u0131yla 28 A\u011fustos\u2019ta Ankara Oran A\u00e7\u0131khava Sahnesi\u2019nde, 25 Eyl\u00fcl\u2019de ise \u0130stanbul Harbiye Cemil Topuzlu A\u00e7\u0131khava Sahnesi\u2019nde m\u00fczikseverlerle bulu\u015facak. Konserlerin biletleri T\u00fcrkiye\u2019nin etkinlik biletleme platformu Biletinial\u2019da. BASIN B\u00dcLTEN\u0130 \u2013 17.08.2026&nbsp;T\u00fcrk pop m\u00fczi\u011finin g\u00fc\u00e7l\u00fc kad\u0131n vokallerinden A\u015fk\u0131n Nur Yengi, y\u0131llara yay\u0131lan m\u00fczik kariyerinin sevilen [&hellip;]<\/p>\n","protected":false},"author":3,"featured_media":4701,"comment_status":"open","ping_status":"open","sticky":false,"template":"","format":"standard","meta":{"footnotes":""},"categories":[45,12],"tags":[],"class_list":["post-4699","post","type-post","status-publish","format-standard","has-post-thumbnail","hentry","category-manset","category-sanat-haberleri"],"aioseo_notices":[],"_links":{"self":[{"href":"https:\/\/anhaber.net\/index.php?rest_route=\/wp\/v2\/posts\/4699","targetHints":{"allow":["GET"]}}],"collection":[{"href":"https:\/\/anhaber.net\/index.php?rest_route=\/wp\/v2\/posts"}],"about":[{"href":"https:\/\/anhaber.net\/index.php?rest_route=\/wp\/v2\/types\/post"}],"author":[{"embeddable":true,"href":"https:\/\/anhaber.net\/index.php?rest_route=\/wp\/v2\/users\/3"}],"replies":[{"embeddable":true,"href":"https:\/\/anhaber.net\/index.php?rest_route=%2Fwp%2Fv2%2Fcomments&post=4699"}],"version-history":[{"count":1,"href":"https:\/\/anhaber.net\/index.php?rest_route=\/wp\/v2\/posts\/4699\/revisions"}],"predecessor-version":[{"id":4702,"href":"https:\/\/anhaber.net\/index.php?rest_route=\/wp\/v2\/posts\/4699\/revisions\/4702"}],"wp:featuredmedia":[{"embeddable":true,"href":"https:\/\/anhaber.net\/index.php?rest_route=\/wp\/v2\/media\/4701"}],"wp:attachment":[{"href":"https:\/\/anhaber.net\/index.php?rest_route=%2Fwp%2Fv2%2Fmedia&parent=4699"}],"wp:term":[{"taxonomy":"category","embeddable":true,"href":"https:\/\/anhaber.net\/index.php?rest_route=%2Fwp%2Fv2%2Fcategories&post=4699"},{"taxonomy":"post_tag","embeddable":true,"href":"https:\/\/anhaber.net\/index.php?rest_route=%2Fwp%2Fv2%2Ftags&post=4699"}],"curies":[{"name":"wp","href":"https:\/\/api.w.org\/{rel}","templated":true}]}}