{"id":4691,"date":"2026-08-10T20:03:25","date_gmt":"2026-08-10T20:03:25","guid":{"rendered":"https:\/\/anhaber.net\/?p=4691"},"modified":"2026-08-10T20:05:03","modified_gmt":"2026-08-10T20:05:03","slug":"ezgi-eyuboglundan-yeni-single-bize-ne-kalir","status":"publish","type":"post","link":"https:\/\/anhaber.net\/?p=4691","title":{"rendered":"Ezgi Ey\u00fcbo\u011flu\u2019ndan Yeni Single: \u201cBize Ne Kal\u0131r\u201d !"},"content":{"rendered":"\n<p class=\"wp-block-paragraph\">T\u00fcrk m\u00fczik sahnesinin g\u00fc\u00e7l\u00fc kad\u0131n vokallerinden Ezgi Ey\u00fcbo\u011flu, yeni single\u2019\u0131 \u201cBize Ne Kal\u0131r\u201d ile m\u00fczikseverlerle bulu\u015ftu. 7 A\u011fustos Cuma g\u00fcn\u00fc t\u00fcm dijital platformlarda yay\u0131mlanan \u015fark\u0131, Ezgi Ey\u00fcbo\u011flu\u2019nun kendine \u00f6zg\u00fc vokal yorumunu modern sound anlay\u0131\u015f\u0131yla bir araya getirirken, g\u00fc\u00e7l\u00fc atmosferiyle de dikkat \u00e7ekiyor.<\/p>\n\n\n\n<p class=\"wp-block-paragraph\"><br>S\u00f6z ve m\u00fczi\u011fi Fatih S\u00f6ylemez imzas\u0131 ta\u015f\u0131yan \u201cBize Ne Kal\u0131r\u201d\u0131n aranjesi Mert Kemanc\u0131 taraf\u0131ndan haz\u0131rland\u0131.\u00a0<br>Ezgi Ey\u00fcbo\u011flu\u2019nun yeni \u015fark\u0131s\u0131 g\u00fc\u00e7l\u00fc melodisi ve enerjik yap\u0131s\u0131yla dikkat \u00e7ekiyor.<\/p>\n\n\n\n<figure class=\"wp-block-image size-large is-resized\"><img fetchpriority=\"high\" decoding=\"async\" width=\"682\" height=\"1024\" src=\"https:\/\/anhaber.net\/wp-content\/uploads\/2026\/08\/WhatsApp-Image-2026-08-08-at-10.19.11-1-682x1024.jpeg\" alt=\"\" class=\"wp-image-4692\" style=\"width:423px;height:auto\" srcset=\"https:\/\/anhaber.net\/wp-content\/uploads\/2026\/08\/WhatsApp-Image-2026-08-08-at-10.19.11-1-682x1024.jpeg 682w, https:\/\/anhaber.net\/wp-content\/uploads\/2026\/08\/WhatsApp-Image-2026-08-08-at-10.19.11-1-200x300.jpeg 200w, https:\/\/anhaber.net\/wp-content\/uploads\/2026\/08\/WhatsApp-Image-2026-08-08-at-10.19.11-1-768x1153.jpeg 768w, https:\/\/anhaber.net\/wp-content\/uploads\/2026\/08\/WhatsApp-Image-2026-08-08-at-10.19.11-1-1023x1536.jpeg 1023w, https:\/\/anhaber.net\/wp-content\/uploads\/2026\/08\/WhatsApp-Image-2026-08-08-at-10.19.11-1.jpeg 1066w\" sizes=\"(max-width: 682px) 100vw, 682px\" \/><\/figure>\n\n\n\n<p class=\"wp-block-paragraph\"> Geleneksel enstr\u00fcmanlardan ud ve kanunun \u00f6ne \u00e7\u0131kt\u0131\u011f\u0131 altyap\u0131da gitar, bas ve modern d\u00fczenleme dokunu\u015flar\u0131 \u015fark\u0131ya g\u00fcncel bir sound kazand\u0131r\u0131yor.<\/p>\n\n\n\n<p class=\"wp-block-paragraph\"><br>\u201cBize Ne Kal\u0131r\u201d\u0131n Klibi de Yay\u0131nda!<br>\u201cBize Ne Kal\u0131r\u201d i\u00e7in haz\u0131rlanan video klip, sinematografik anlat\u0131m\u0131 ve g\u00fc\u00e7l\u00fc g\u00f6rsel atmosferiyle \u015fark\u0131n\u0131n duygusunu tamaml\u0131yor. Klipte y\u00f6netmen koltu\u011funda Emrah \u00d6zbilen otururken, g\u00f6r\u00fcnt\u00fc y\u00f6netmenli\u011fini Burak G\u00fcrdil \u00fcstlendi.<\/p>\n\n\n\n<figure class=\"wp-block-image size-large is-resized\"><img decoding=\"async\" width=\"682\" height=\"1024\" src=\"https:\/\/anhaber.net\/wp-content\/uploads\/2026\/08\/WhatsApp-Image-2026-08-08-at-10.19.11-2-682x1024.jpeg\" alt=\"\" class=\"wp-image-4697\" style=\"width:491px;height:auto\" srcset=\"https:\/\/anhaber.net\/wp-content\/uploads\/2026\/08\/WhatsApp-Image-2026-08-08-at-10.19.11-2-682x1024.jpeg 682w, https:\/\/anhaber.net\/wp-content\/uploads\/2026\/08\/WhatsApp-Image-2026-08-08-at-10.19.11-2-200x300.jpeg 200w, https:\/\/anhaber.net\/wp-content\/uploads\/2026\/08\/WhatsApp-Image-2026-08-08-at-10.19.11-2-768x1153.jpeg 768w, https:\/\/anhaber.net\/wp-content\/uploads\/2026\/08\/WhatsApp-Image-2026-08-08-at-10.19.11-2-1023x1536.jpeg 1023w, https:\/\/anhaber.net\/wp-content\/uploads\/2026\/08\/WhatsApp-Image-2026-08-08-at-10.19.11-2.jpeg 1066w\" sizes=\"(max-width: 682px) 100vw, 682px\" \/><\/figure>\n","protected":false},"excerpt":{"rendered":"<p>T\u00fcrk m\u00fczik sahnesinin g\u00fc\u00e7l\u00fc kad\u0131n vokallerinden Ezgi Ey\u00fcbo\u011flu, yeni single\u2019\u0131 \u201cBize Ne Kal\u0131r\u201d ile m\u00fczikseverlerle bulu\u015ftu. 7 A\u011fustos Cuma g\u00fcn\u00fc t\u00fcm dijital platformlarda yay\u0131mlanan \u015fark\u0131, Ezgi Ey\u00fcbo\u011flu\u2019nun kendine \u00f6zg\u00fc vokal yorumunu modern sound anlay\u0131\u015f\u0131yla bir araya getirirken, g\u00fc\u00e7l\u00fc atmosferiyle de dikkat \u00e7ekiyor. S\u00f6z ve m\u00fczi\u011fi Fatih S\u00f6ylemez imzas\u0131 ta\u015f\u0131yan \u201cBize Ne Kal\u0131r\u201d\u0131n aranjesi Mert Kemanc\u0131 [&hellip;]<\/p>\n","protected":false},"author":3,"featured_media":4693,"comment_status":"open","ping_status":"open","sticky":false,"template":"","format":"standard","meta":{"footnotes":""},"categories":[11,45,12],"tags":[],"class_list":["post-4691","post","type-post","status-publish","format-standard","has-post-thumbnail","hentry","category-magazin-haberleri","category-manset","category-sanat-haberleri"],"aioseo_notices":[],"_links":{"self":[{"href":"https:\/\/anhaber.net\/index.php?rest_route=\/wp\/v2\/posts\/4691","targetHints":{"allow":["GET"]}}],"collection":[{"href":"https:\/\/anhaber.net\/index.php?rest_route=\/wp\/v2\/posts"}],"about":[{"href":"https:\/\/anhaber.net\/index.php?rest_route=\/wp\/v2\/types\/post"}],"author":[{"embeddable":true,"href":"https:\/\/anhaber.net\/index.php?rest_route=\/wp\/v2\/users\/3"}],"replies":[{"embeddable":true,"href":"https:\/\/anhaber.net\/index.php?rest_route=%2Fwp%2Fv2%2Fcomments&post=4691"}],"version-history":[{"count":2,"href":"https:\/\/anhaber.net\/index.php?rest_route=\/wp\/v2\/posts\/4691\/revisions"}],"predecessor-version":[{"id":4698,"href":"https:\/\/anhaber.net\/index.php?rest_route=\/wp\/v2\/posts\/4691\/revisions\/4698"}],"wp:featuredmedia":[{"embeddable":true,"href":"https:\/\/anhaber.net\/index.php?rest_route=\/wp\/v2\/media\/4693"}],"wp:attachment":[{"href":"https:\/\/anhaber.net\/index.php?rest_route=%2Fwp%2Fv2%2Fmedia&parent=4691"}],"wp:term":[{"taxonomy":"category","embeddable":true,"href":"https:\/\/anhaber.net\/index.php?rest_route=%2Fwp%2Fv2%2Fcategories&post=4691"},{"taxonomy":"post_tag","embeddable":true,"href":"https:\/\/anhaber.net\/index.php?rest_route=%2Fwp%2Fv2%2Ftags&post=4691"}],"curies":[{"name":"wp","href":"https:\/\/api.w.org\/{rel}","templated":true}]}}