{"id":4676,"date":"2026-08-10T19:52:25","date_gmt":"2026-08-10T19:52:25","guid":{"rendered":"https:\/\/anhaber.net\/?p=4676"},"modified":"2026-08-10T19:52:26","modified_gmt":"2026-08-10T19:52:26","slug":"yeni-sergidenizasiri-ozer-kabas-ve-zamanlari-16-eylul-2026-14-mart-2027-salt-beyoglu","status":"publish","type":"post","link":"https:\/\/anhaber.net\/?p=4676","title":{"rendered":"Yeni Sergi:Deniza\u015f\u0131r\u0131 \u00d6zer Kaba\u015f ve Zamanlar\u0131 16 Eyl\u00fcl 2026 \u2013 14 Mart 2027 Salt Beyo\u011flu&#8230;"},"content":{"rendered":"\n<div class=\"wp-block-group alignwide is-nowrap is-layout-flex wp-container-core-group-is-layout-8f761849 wp-block-group-is-layout-flex\">\n<p class=\"has-text-align-right wp-block-paragraph\">                                 Sanat\u00e7\u0131, e\u011fitimci ve yazar \u00d6zer Kaba\u015f\u2019\u0131n 1960\u2019lardan 1990\u2019lara uzanan<br>                                      \u00fcretimi \u00fczerinden T\u00fcrkiye k\u00fclt\u00fcr ortam\u0131n\u0131n bir d\u00f6nemine derinlikli bir<br>                                                        bak\u0131\u015f sunan \u201cDeniza\u015f\u0131r\u0131: \u00d6zer Kaba\u015f ve Zamanlar\u0131\u201d 16 Eyl\u00fcl\u2019de Salt Beyo\u011flu&#8217;nda a\u00e7\u0131l\u0131yor.<\/p>\n\n\n\n<p class=\"has-text-align-right wp-block-paragraph\"><\/p>\n<\/div>\n\n\n\n<p class=\"wp-block-paragraph\">Garanti BBVA taraf\u0131ndan kurulan Salt\u2019\u0131n yeni sergisi Deniza\u015f\u0131r\u0131: \u00d6zer Kaba\u015f ve Zamanlar\u0131,<br>sanat\u00e7\u0131, e\u011fitimci ve yazar \u00d6zer Kaba\u015f\u2019\u0131n (1934\u20131998) 1960\u2019lardan 1990\u2019lara uzanan \u00fcretimini<br>ve T\u00fcrkiye\u2019nin k\u00fclt\u00fcr tarihindeki yerini inceliyor. Kaba\u015f\u2019\u0131n resim, \u00f6zg\u00fcn bask\u0131, tak\u0131 tasar\u0131m\u0131,<br>tiyatro ve sinema alanlar\u0131ndaki \u00fcretimlerini ar\u015fiv belgeleriyle bir araya getiren sergi, sanat\u00e7\u0131n\u0131n<br>Robert Kolej\u2019deki \u00f6\u011frencilik y\u0131llar\u0131ndan Mimar Sinan \u00dcniversitesi\u2019ndeki akademisyenlik<br>d\u00f6nemine kadarki s\u00fcre\u00e7te \u00e7e\u015fitlenen prati\u011fine kapsaml\u0131 bir bak\u0131\u015f sunuyor. B\u00f6ylece, Kaba\u015f\u2019\u0131n<br>sanat\u0131n farkl\u0131 disiplinlerine ilgisini, sanat e\u011fitimine yakla\u015f\u0131m\u0131n\u0131 ve k\u00fclt\u00fcr ortam\u0131na katk\u0131lar\u0131n\u0131<br>ortaya koyuyor.<\/p>\n\n\n\n<p class=\"wp-block-paragraph\"><br>Deniza\u015f\u0131r\u0131: \u00d6zer Kaba\u015f ve Zamanlar\u0131, Salt\u2019\u0131n 2022\u2019de ba\u015flatt\u0131\u011f\u0131 uzun soluklu ar\u015fiv ve<br>ara\u015ft\u0131rma s\u00fcrecinin bir uzant\u0131s\u0131. Kaba\u015f\u2019\u0131n sanat tarihi ve e\u011fitimi \u00fczerine yaz\u0131lar\u0131n\u0131 literat\u00fcre<br>kazand\u0131ran Sentez ve Montaj: \u00d6zer Kaba\u015f Yaz\u0131lar\u0131, 2022\u2019de e-yay\u0131n; 2023\u2019te bas\u0131l\u0131 kitap<br>olarak yay\u0131mland\u0131 ve e\u015f zamanl\u0131 olarak ar\u015fivi archives.saltresearch.org\u2019da eri\u015fime a\u00e7\u0131ld\u0131. 16<br>Eyl\u00fcl 2026\u201314 Mart 2027 tarihlerinde Salt Beyo\u011flu\u2019nda yer alacak sergi ve paralelindeki<br>programlar hakk\u0131nda ayr\u0131nt\u0131l\u0131 bilgi ise \u00f6n\u00fcm\u00fczdeki g\u00fcnlerde saltonline.org\u2019da duyurulacak.<\/p>\n\n\n\n<p class=\"wp-block-paragraph\"><br><strong>Salt kurucusu ve daim\u00ee destek\u00e7isi Garanti BBVA\u2019ya te\u015fekk\u00fcr eder.<\/strong><\/p>\n\n\n\n<p class=\"wp-block-paragraph\"><strong>G\u00d6RSEL KRED\u0130LER\u0130<\/strong><\/p>\n\n\n\n<p class=\"wp-block-paragraph\"><strong>1.<\/strong><\/p>\n\n\n\n<p class=\"wp-block-paragraph\">\u00d6zer Kaba\u015f, takrib\u00ee 1957\u20131962<\/p>\n\n\n\n<p class=\"wp-block-paragraph\">Salt Ara\u015ft\u0131rma, \u00d6zer Kaba\u015f Ar\u015fivi<\/p>\n\n\n\n<figure class=\"wp-block-image size-large\"><img fetchpriority=\"high\" decoding=\"async\" width=\"1017\" height=\"1024\" src=\"https:\/\/anhaber.net\/wp-content\/uploads\/2026\/08\/01-1017x1024.jpg\" alt=\"\" class=\"wp-image-4677\" srcset=\"https:\/\/anhaber.net\/wp-content\/uploads\/2026\/08\/01-1017x1024.jpg 1017w, https:\/\/anhaber.net\/wp-content\/uploads\/2026\/08\/01-298x300.jpg 298w, https:\/\/anhaber.net\/wp-content\/uploads\/2026\/08\/01-150x150.jpg 150w, https:\/\/anhaber.net\/wp-content\/uploads\/2026\/08\/01-768x773.jpg 768w, https:\/\/anhaber.net\/wp-content\/uploads\/2026\/08\/01-1526x1536.jpg 1526w, https:\/\/anhaber.net\/wp-content\/uploads\/2026\/08\/01-2034x2048.jpg 2034w, https:\/\/anhaber.net\/wp-content\/uploads\/2026\/08\/01-96x96.jpg 96w\" sizes=\"(max-width: 1017px) 100vw, 1017px\" \/><\/figure>\n\n\n\n<p class=\"wp-block-paragraph\"><strong>2.<\/strong><\/p>\n\n\n\n<p class=\"wp-block-paragraph\">\u00d6zer Kaba\u015f, <em>Fesliler<\/em> resminin \u00f6n\u00fcnde, tahmin\u00ee 1969<\/p>\n\n\n\n<p class=\"wp-block-paragraph\">Salt Ara\u015ft\u0131rma, \u00d6zer Kaba\u015f Ar\u015fivi<\/p>\n\n\n\n<figure class=\"wp-block-image size-large\"><img decoding=\"async\" width=\"1024\" height=\"671\" src=\"https:\/\/anhaber.net\/wp-content\/uploads\/2026\/08\/02-1024x671.jpg\" alt=\"\" class=\"wp-image-4678\" srcset=\"https:\/\/anhaber.net\/wp-content\/uploads\/2026\/08\/02-1024x671.jpg 1024w, https:\/\/anhaber.net\/wp-content\/uploads\/2026\/08\/02-300x197.jpg 300w, https:\/\/anhaber.net\/wp-content\/uploads\/2026\/08\/02-768x504.jpg 768w, https:\/\/anhaber.net\/wp-content\/uploads\/2026\/08\/02-1536x1007.jpg 1536w, https:\/\/anhaber.net\/wp-content\/uploads\/2026\/08\/02-2048x1343.jpg 2048w\" sizes=\"(max-width: 1024px) 100vw, 1024px\" \/><\/figure>\n\n\n\n<p class=\"wp-block-paragraph\"><strong>3.<\/strong><\/p>\n\n\n\n<p class=\"wp-block-paragraph\"><em>Bal\u0131k\u00e7\u0131, <\/em>tahmin\u00ee 1990\u2019lar<\/p>\n\n\n\n<p class=\"wp-block-paragraph\">Salt Ara\u015ft\u0131rma, \u00d6zer Kaba\u015f Ar\u015fivi<\/p>\n\n\n\n<figure class=\"wp-block-image size-large\"><img decoding=\"async\" width=\"1024\" height=\"686\" src=\"https:\/\/anhaber.net\/wp-content\/uploads\/2026\/08\/03-1024x686.jpg\" alt=\"\" class=\"wp-image-4679\" srcset=\"https:\/\/anhaber.net\/wp-content\/uploads\/2026\/08\/03-1024x686.jpg 1024w, https:\/\/anhaber.net\/wp-content\/uploads\/2026\/08\/03-300x201.jpg 300w, https:\/\/anhaber.net\/wp-content\/uploads\/2026\/08\/03-768x514.jpg 768w, https:\/\/anhaber.net\/wp-content\/uploads\/2026\/08\/03-1536x1028.jpg 1536w, https:\/\/anhaber.net\/wp-content\/uploads\/2026\/08\/03-2048x1371.jpg 2048w\" sizes=\"(max-width: 1024px) 100vw, 1024px\" \/><\/figure>\n\n\n\n<p class=\"wp-block-paragraph\"><strong>4.<\/strong><\/p>\n\n\n\n<p class=\"wp-block-paragraph\"><em>Balatl\u0131 Ali<\/em>, 1997<\/p>\n\n\n\n<p class=\"wp-block-paragraph\">Salt Ara\u015ft\u0131rma, \u00d6zer Kaba\u015f Ar\u015fivi<\/p>\n\n\n\n<figure class=\"wp-block-image size-large\"><img loading=\"lazy\" decoding=\"async\" width=\"756\" height=\"1024\" src=\"https:\/\/anhaber.net\/wp-content\/uploads\/2026\/08\/04-756x1024.jpg\" alt=\"\" class=\"wp-image-4680\" srcset=\"https:\/\/anhaber.net\/wp-content\/uploads\/2026\/08\/04-756x1024.jpg 756w, https:\/\/anhaber.net\/wp-content\/uploads\/2026\/08\/04-221x300.jpg 221w, https:\/\/anhaber.net\/wp-content\/uploads\/2026\/08\/04-768x1041.jpg 768w, https:\/\/anhaber.net\/wp-content\/uploads\/2026\/08\/04-1134x1536.jpg 1134w, https:\/\/anhaber.net\/wp-content\/uploads\/2026\/08\/04-1511x2048.jpg 1511w, https:\/\/anhaber.net\/wp-content\/uploads\/2026\/08\/04-scaled.jpg 1889w\" sizes=\"(max-width: 756px) 100vw, 756px\" \/><\/figure>\n\n\n\n<p class=\"wp-block-paragraph\"><strong>5.<\/strong><\/p>\n\n\n\n<p class=\"wp-block-paragraph\"><em>K\u0131rlang\u0131\u00e7 F\u0131rt\u0131nas\u0131 Ba\u015flad\u0131,<\/em> 1997<\/p>\n\n\n\n<p class=\"wp-block-paragraph\">Salt Ara\u015ft\u0131rma, \u00d6zer Kaba\u015f Ar\u015fivi<\/p>\n\n\n\n<figure class=\"wp-block-image size-large\"><img loading=\"lazy\" decoding=\"async\" width=\"809\" height=\"1024\" src=\"https:\/\/anhaber.net\/wp-content\/uploads\/2026\/08\/05-809x1024.jpg\" alt=\"\" class=\"wp-image-4681\" srcset=\"https:\/\/anhaber.net\/wp-content\/uploads\/2026\/08\/05-809x1024.jpg 809w, https:\/\/anhaber.net\/wp-content\/uploads\/2026\/08\/05-237x300.jpg 237w, https:\/\/anhaber.net\/wp-content\/uploads\/2026\/08\/05-768x972.jpg 768w, https:\/\/anhaber.net\/wp-content\/uploads\/2026\/08\/05-1213x1536.jpg 1213w, https:\/\/anhaber.net\/wp-content\/uploads\/2026\/08\/05-1618x2048.jpg 1618w, https:\/\/anhaber.net\/wp-content\/uploads\/2026\/08\/05-scaled.jpg 2022w\" sizes=\"(max-width: 809px) 100vw, 809px\" \/><\/figure>\n\n\n\n<p class=\"wp-block-paragraph\"><strong>6.<\/strong><\/p>\n\n\n\n<p class=\"wp-block-paragraph\"><em>F\u0131rt\u0131na \u00d6ncesi I<\/em>, 1997 Salt Ara\u015ft\u0131rma, \u00d6zer Kaba\u015f Ar\u015fi<\/p>\n\n\n\n<figure class=\"wp-block-image size-large\"><img loading=\"lazy\" decoding=\"async\" width=\"804\" height=\"1024\" src=\"https:\/\/anhaber.net\/wp-content\/uploads\/2026\/08\/06-804x1024.jpg\" alt=\"\" class=\"wp-image-4682\" srcset=\"https:\/\/anhaber.net\/wp-content\/uploads\/2026\/08\/06-804x1024.jpg 804w, https:\/\/anhaber.net\/wp-content\/uploads\/2026\/08\/06-235x300.jpg 235w, https:\/\/anhaber.net\/wp-content\/uploads\/2026\/08\/06-768x978.jpg 768w, https:\/\/anhaber.net\/wp-content\/uploads\/2026\/08\/06-1206x1536.jpg 1206w, https:\/\/anhaber.net\/wp-content\/uploads\/2026\/08\/06-1608x2048.jpg 1608w, https:\/\/anhaber.net\/wp-content\/uploads\/2026\/08\/06.jpg 2000w\" sizes=\"(max-width: 804px) 100vw, 804px\" \/><\/figure>\n","protected":false},"excerpt":{"rendered":"<p>Sanat\u00e7\u0131, e\u011fitimci ve yazar \u00d6zer Kaba\u015f\u2019\u0131n 1960\u2019lardan 1990\u2019lara uzanan \u00fcretimi \u00fczerinden T\u00fcrkiye k\u00fclt\u00fcr ortam\u0131n\u0131n bir d\u00f6nemine derinlikli bir bak\u0131\u015f sunan \u201cDeniza\u015f\u0131r\u0131: \u00d6zer Kaba\u015f ve Zamanlar\u0131\u201d 16 Eyl\u00fcl\u2019de Salt Beyo\u011flu&#8217;nda a\u00e7\u0131l\u0131yor. Garanti BBVA taraf\u0131ndan kurulan Salt\u2019\u0131n yeni sergisi Deniza\u015f\u0131r\u0131: \u00d6zer Kaba\u015f ve Zamanlar\u0131,sanat\u00e7\u0131, e\u011fitimci ve yazar \u00d6zer Kaba\u015f\u2019\u0131n (1934\u20131998) 1960\u2019lardan 1990\u2019lara uzanan \u00fcretiminive T\u00fcrkiye\u2019nin k\u00fclt\u00fcr tarihindeki [&hellip;]<\/p>\n","protected":false},"author":3,"featured_media":4680,"comment_status":"open","ping_status":"open","sticky":false,"template":"","format":"standard","meta":{"footnotes":""},"categories":[4,45,12],"tags":[],"class_list":["post-4676","post","type-post","status-publish","format-standard","has-post-thumbnail","hentry","category-kultur-haberleri","category-manset","category-sanat-haberleri"],"aioseo_notices":[],"_links":{"self":[{"href":"https:\/\/anhaber.net\/index.php?rest_route=\/wp\/v2\/posts\/4676","targetHints":{"allow":["GET"]}}],"collection":[{"href":"https:\/\/anhaber.net\/index.php?rest_route=\/wp\/v2\/posts"}],"about":[{"href":"https:\/\/anhaber.net\/index.php?rest_route=\/wp\/v2\/types\/post"}],"author":[{"embeddable":true,"href":"https:\/\/anhaber.net\/index.php?rest_route=\/wp\/v2\/users\/3"}],"replies":[{"embeddable":true,"href":"https:\/\/anhaber.net\/index.php?rest_route=%2Fwp%2Fv2%2Fcomments&post=4676"}],"version-history":[{"count":1,"href":"https:\/\/anhaber.net\/index.php?rest_route=\/wp\/v2\/posts\/4676\/revisions"}],"predecessor-version":[{"id":4683,"href":"https:\/\/anhaber.net\/index.php?rest_route=\/wp\/v2\/posts\/4676\/revisions\/4683"}],"wp:featuredmedia":[{"embeddable":true,"href":"https:\/\/anhaber.net\/index.php?rest_route=\/wp\/v2\/media\/4680"}],"wp:attachment":[{"href":"https:\/\/anhaber.net\/index.php?rest_route=%2Fwp%2Fv2%2Fmedia&parent=4676"}],"wp:term":[{"taxonomy":"category","embeddable":true,"href":"https:\/\/anhaber.net\/index.php?rest_route=%2Fwp%2Fv2%2Fcategories&post=4676"},{"taxonomy":"post_tag","embeddable":true,"href":"https:\/\/anhaber.net\/index.php?rest_route=%2Fwp%2Fv2%2Ftags&post=4676"}],"curies":[{"name":"wp","href":"https:\/\/api.w.org\/{rel}","templated":true}]}}