{"id":4662,"date":"2026-07-27T20:13:52","date_gmt":"2026-07-27T20:13:52","guid":{"rendered":"https:\/\/anhaber.net\/?p=4662"},"modified":"2026-07-27T20:13:52","modified_gmt":"2026-07-27T20:13:52","slug":"gosterim-programiyerdeslik-tahayulleri-1-agustos-2026-salt-beyoglu","status":"publish","type":"post","link":"https:\/\/anhaber.net\/?p=4662","title":{"rendered":"G\u00f6sterim Program\u0131:\u201cYerde\u015flik\u201d Tahay\u00fclleri 1 A\u011fustos 2026 Salt Beyo\u011flu"},"content":{"rendered":"\n<p class=\"wp-block-paragraph\">Arazi, haf\u0131za ve ar\u015fiv aras\u0131ndaki ili\u015fkilerin izini s\u00fcren \u201cBarajdan S\u0131zanlar\u201d<br>sergisi kapsam\u0131nda d\u00fczenlenen g\u00f6sterim program\u0131, 1 A\u011fustos\u2019ta<\/p>\n\n\n\n<p class=\"wp-block-paragraph\">Salt Beyo\u011flu\u2019ndaki A\u00e7\u0131k Sinema\u2019da.<\/p>\n\n\n\n<p class=\"wp-block-paragraph\">Salt\u2019\u0131n Barajdan S\u0131zanlar sergisi, Do\u011fu Akdeniz\u2019den K\u00f6rfez B\u00f6lgesi\u2019ne uzanan bir<br>co\u011frafyada, s\u00f6m\u00fcrgeci pratiklerin \u00f6tesinde bir \u201cyerde\u015flik\u201d tahayy\u00fcl ediyor. Arazinin haf\u0131za ve<br>ar\u015fivle ili\u015fkisini merkeze alan sergi, co\u011frafyalar aras\u0131 dayan\u0131\u015fma imk\u00e2nlar\u0131n\u0131n pe\u015finde, kolektif<br>bir varolu\u015f zemini d\u00fc\u015fl\u00fcyor.<\/p>\n\n\n\n<p class=\"wp-block-paragraph\"><br>Sergi kapsam\u0131nda 1 A\u011fustos Cumartesi g\u00fcn\u00fc Salt Beyo\u011flu\u2019ndaki A\u00e7\u0131k Sinema\u2019da<br>ger\u00e7ekle\u015ftirilecek g\u00f6sterim program\u0131, d\u00f6rt sanat\u00e7\u0131n\u0131n yedi filmini bir araya getiriyor. Cihad<br>Caner, Valentin Nouja\u00efm, Nour Ouayda ile Laila Hida\u2019n\u0131n filmleri, ba\u015fka yerlere ait haf\u0131zalar\u0131<br>ve anlat\u0131lar\u0131 \u015fimdiye ta\u015f\u0131rken, serginin g\u00fcndeme getirdi\u011fi meselelere de temas ediyor.<\/p>\n\n\n\n<p class=\"wp-block-paragraph\"><br>Cihad Caner\u2019in filmi (Re)membering the riots in Afrikaanderwijk in 1972 or guest, host,<br>ghos-ti <a href=\"2023\u20132024\">1972 Afrikaanderwijk Ayaklanmalar\u0131n\u0131 Yeniden Hat\u0131rlamak<\/a>, 1972<br>y\u0131l\u0131nda Rotterdam\u2019da misafir i\u015f\u00e7ileri hedef alan ayaklanmalar\u0131n ya\u015fand\u0131\u011f\u0131 Afrikaanderwijk<br>mahallesinin haf\u0131zas\u0131na odaklan\u0131yor. Filmin merkezinde, kolektif haf\u0131zan\u0131n nas\u0131l \u015fekillendi\u011fine,<br>hat\u0131rlama bi\u00e7imlerine ve bireysel an\u0131lar aras\u0131ndaki n\u00fcanslara dair sorular yer al\u0131yor.<\/p>\n\n\n\n<p class=\"wp-block-paragraph\"><br>Valentin Nouja\u00efm\u2019in La D\u00e9fense \u00fc\u00e7lemesi, Paris\u2019teki ayn\u0131 adl\u0131 i\u015f merkezinin tarihsel ve politik<br>katmanlar\u0131n\u0131 irdeliyor. \u00dc\u00e7lemenin ilk b\u00f6l\u00fcm\u00fc Pacific Club (2023), 1979\u2019da La D\u00e9fense\u2019de<br>a\u00e7\u0131lan Arap toplulu\u011funa ait ilk gece kul\u00fcb\u00fcn\u00fcn hik\u00e2yesinin izini s\u00fcr\u00fcyor. To Exist Under<br>Permanent Suspicion <a href=\"2024\">\u015e\u00fcphenin G\u00f6lgesinde Ya\u015fayanlar<\/a> adl\u0131 ikinci film, La<br>D\u00e9fense\u2019deki ofisinde yeni bir g\u00f6kdelenin tan\u0131t\u0131m\u0131yla u\u011fra\u015fan Claire adl\u0131 bir i\u015f kad\u0131n\u0131n\u0131 takip<br>ediyor.<\/p>\n\n\n\n<p class=\"wp-block-paragraph\"> Demons to Diamonds <a href=\"2025\">\u015eeytanlar ve Elmaslar<\/a> adl\u0131 \u00fc\u00e7\u00fcnc\u00fc film ise g\u00f6kdelenler<br>aras\u0131nda ya\u015fanan bir dizi intihar vakas\u0131n\u0131n pe\u015fine d\u00fc\u015f\u00fcyor; korku ve paranoya atmosferi \u015fehri<br>sararken, toplumun derinliklerindeki \u00e7atlaklar g\u00fcn y\u00fcz\u00fcne \u00e7\u0131k\u0131yor.<\/p>\n\n\n\n<p class=\"wp-block-paragraph\">Nour Ouayda\u2019n\u0131n filmi The Secret Garden <a href=\"2023\">Gizli Bah\u00e7e<\/a>, bir sabah sokaklarda ve<br>meydanlarda beliriveren s\u0131rad\u0131\u015f\u0131 a\u011fa\u00e7lar, bitkiler ve \u00e7i\u00e7eklerle kar\u015f\u0131la\u015fan \u015fehir sakinlerinin<br>pe\u015fine d\u00fc\u015f\u00fcyor.<\/p>\n\n\n\n<p class=\"wp-block-paragraph\"> Camelia ile Nahla bu tuhaf varl\u0131klar\u0131n kayna\u011f\u0131n\u0131 ara\u015ft\u0131r\u0131rken esrarengiz<br>olaylar birbirini izliyor ve \u015fehir ger\u00e7ek\u00fcst\u00fc, tekinsiz bir yere d\u00f6n\u00fc\u015f\u00fcyor.<br>Program, Laila Hida\u2019n\u0131n \u00e7\u00f6l\u00fcn oryantalist temsillerini irdeledi\u011fi uzun soluklu ara\u015ft\u0131rma<br>projesinin \u00fcr\u00fcn\u00fc olan iki filmin g\u00f6sterimiyle sona eriyor. Into the Maw of the Spectacle<br><a href=\"2024\">G\u00f6sterinin Derinliklerine Do\u011fru<\/a>, antik tarihlerin ve Sahra \u00f6tesi rotalar\u0131n bi\u00e7imlendirdi\u011fi<br>bir b\u00f6lgede ke\u015fif gezisine \u00e7\u0131km\u0131\u015f bir grup sanat\u00e7\u0131y\u0131 takip ediyor; tur rehberinin hik\u00e2yeleri,<br>kat\u0131l\u0131mc\u0131lar aras\u0131ndaki sohbetlerle i\u00e7 i\u00e7e ge\u00e7iyor.<\/p>\n\n\n\n<p class=\"wp-block-paragraph\"> Sange Khara <a href=\"2025\">Sert Kaya<\/a> ise haf\u0131za<br>ile g\u00fcndelik ya\u015famdan par\u00e7alar\u0131 Wanderers of the Desert <a href=\"1984\">\u00c7\u00f6l Gezginleri<\/a>, The<br>Sheltering Sky <a href=\"1990\">\u00c7\u00f6lde \u00c7ay<\/a> gibi filmlere yap\u0131lan at\u0131flarla birle\u015ftiriyor. B\u00f6ylece, hem<br>sinema hem de turizm ile kolonyal seyahatnamelerin \u00e7\u00f6l, vaha ve b\u00f6lge halk\u0131na dair alg\u0131lar\u0131<br>nas\u0131l y\u00f6nlendirdi\u011fini ortaya koyuyor.<\/p>\n\n\n\n<p class=\"wp-block-paragraph\"><br>Herkesin kat\u0131l\u0131m\u0131na a\u00e7\u0131k ve \u00fccretsiz program, 1 A\u011fustos Cumartesi saat 14.00\u2019te ba\u015flayacak<br>ve filmler pe\u015f pe\u015fe, orijinal dilinde T\u00fcrk\u00e7e ve \u0130ngilizce altyaz\u0131l\u0131 olarak g\u00f6sterilecek.<br>Barajdan S\u0131zanlar kapsam\u0131ndaki son sergi turu ise 20 A\u011fustos Per\u015fembe saat 18.30\u2019da<br>ger\u00e7ekle\u015ftirilecek. <\/p>\n\n\n\n<p class=\"wp-block-paragraph\">Ayr\u0131nt\u0131l\u0131 bilgi i\u00e7in: saltonline.org.<br>Barajdan S\u0131zanlar, Hollanda Krall\u0131\u011f\u0131 ve Feltouch\u2019\u0131n deste\u011fi; Asya International Movers,<br>Bankerhan Hotel, Eureko Sigorta ve Jotun\u2019un katk\u0131lar\u0131yla ger\u00e7ekle\u015ftirilmektedir.<\/p>\n\n\n\n<p class=\"wp-block-paragraph\"><strong>G\u00d6RSEL KRED\u0130LER\u0130<\/strong><\/p>\n\n\n\n<p class=\"wp-block-paragraph\"><strong>1.<\/strong><\/p>\n\n\n\n<p class=\"wp-block-paragraph\"><em>The Secret Garden <\/em>[Gizli Bah\u00e7e] (2023) filminden bir kare<\/p>\n\n\n\n<p class=\"wp-block-paragraph\">\u00a9Nour Ouayda<\/p>\n\n\n\n<p class=\"wp-block-paragraph\">Still from <em>The Secret Garden <\/em>(2023)<\/p>\n\n\n\n<p class=\"wp-block-paragraph\">\u00a9Nour Ouayda<\/p>\n\n\n\n<figure class=\"wp-block-image size-large\"><img fetchpriority=\"high\" decoding=\"async\" width=\"1024\" height=\"768\" src=\"https:\/\/anhaber.net\/wp-content\/uploads\/2026\/07\/1.-Nour-Ouayda-The-Secret-Garden-1024x768.jpg\" alt=\"\" class=\"wp-image-4663\" srcset=\"https:\/\/anhaber.net\/wp-content\/uploads\/2026\/07\/1.-Nour-Ouayda-The-Secret-Garden-1024x768.jpg 1024w, https:\/\/anhaber.net\/wp-content\/uploads\/2026\/07\/1.-Nour-Ouayda-The-Secret-Garden-300x225.jpg 300w, https:\/\/anhaber.net\/wp-content\/uploads\/2026\/07\/1.-Nour-Ouayda-The-Secret-Garden-768x576.jpg 768w, https:\/\/anhaber.net\/wp-content\/uploads\/2026\/07\/1.-Nour-Ouayda-The-Secret-Garden-1536x1152.jpg 1536w, https:\/\/anhaber.net\/wp-content\/uploads\/2026\/07\/1.-Nour-Ouayda-The-Secret-Garden-2048x1536.jpg 2048w\" sizes=\"(max-width: 1024px) 100vw, 1024px\" \/><\/figure>\n\n\n\n<p class=\"wp-block-paragraph\"><strong>2.<\/strong><\/p>\n\n\n\n<p class=\"wp-block-paragraph\"><em>Sange Khara<\/em>&nbsp;[Sert Kaya] (2025) filminden bir kare<\/p>\n\n\n\n<p class=\"wp-block-paragraph\">\u00a9Laila Hida<\/p>\n\n\n\n<p class=\"wp-block-paragraph\">Still from <em>Sange Khara<\/em>&nbsp;(2025)<\/p>\n\n\n\n<p class=\"wp-block-paragraph\">\u00a9Laila Hida<\/p>\n\n\n\n<figure class=\"wp-block-image size-large\"><img decoding=\"async\" width=\"1024\" height=\"722\" src=\"https:\/\/anhaber.net\/wp-content\/uploads\/2026\/07\/2.-Laila-Hida-Sange-Khara-1024x722.jpg\" alt=\"\" class=\"wp-image-4664\" srcset=\"https:\/\/anhaber.net\/wp-content\/uploads\/2026\/07\/2.-Laila-Hida-Sange-Khara-1024x722.jpg 1024w, https:\/\/anhaber.net\/wp-content\/uploads\/2026\/07\/2.-Laila-Hida-Sange-Khara-300x212.jpg 300w, https:\/\/anhaber.net\/wp-content\/uploads\/2026\/07\/2.-Laila-Hida-Sange-Khara-768x541.jpg 768w, https:\/\/anhaber.net\/wp-content\/uploads\/2026\/07\/2.-Laila-Hida-Sange-Khara-1536x1083.jpg 1536w, https:\/\/anhaber.net\/wp-content\/uploads\/2026\/07\/2.-Laila-Hida-Sange-Khara-2048x1444.jpg 2048w\" sizes=\"(max-width: 1024px) 100vw, 1024px\" \/><\/figure>\n\n\n\n<p class=\"wp-block-paragraph\"><strong>3.<\/strong><\/p>\n\n\n\n<p class=\"wp-block-paragraph\"><em>Into the Maw of the Spectacle <\/em>[G\u00f6sterinin Derinliklerine Do\u011fru] (2024) filminden bir kare<\/p>\n\n\n\n<p class=\"wp-block-paragraph\">\u00a9Laila Hida<\/p>\n\n\n\n<p class=\"wp-block-paragraph\">Still from <em>Into the Maw of the Spectacle<\/em> (2024)<\/p>\n\n\n\n<p class=\"wp-block-paragraph\">\u00a9Laila Hida<\/p>\n\n\n\n<figure class=\"wp-block-image size-large\"><img decoding=\"async\" width=\"1024\" height=\"576\" src=\"https:\/\/anhaber.net\/wp-content\/uploads\/2026\/07\/3.-Laila-Hida-Into-the-maw-of-the-spectacle-1024x576.jpg\" alt=\"\" class=\"wp-image-4665\" srcset=\"https:\/\/anhaber.net\/wp-content\/uploads\/2026\/07\/3.-Laila-Hida-Into-the-maw-of-the-spectacle-1024x576.jpg 1024w, https:\/\/anhaber.net\/wp-content\/uploads\/2026\/07\/3.-Laila-Hida-Into-the-maw-of-the-spectacle-300x169.jpg 300w, https:\/\/anhaber.net\/wp-content\/uploads\/2026\/07\/3.-Laila-Hida-Into-the-maw-of-the-spectacle-768x432.jpg 768w, https:\/\/anhaber.net\/wp-content\/uploads\/2026\/07\/3.-Laila-Hida-Into-the-maw-of-the-spectacle-1536x864.jpg 1536w, https:\/\/anhaber.net\/wp-content\/uploads\/2026\/07\/3.-Laila-Hida-Into-the-maw-of-the-spectacle-2048x1152.jpg 2048w\" sizes=\"(max-width: 1024px) 100vw, 1024px\" \/><\/figure>\n\n\n\n<p class=\"wp-block-paragraph\"><strong>4.<\/strong><\/p>\n\n\n\n<p class=\"wp-block-paragraph\"><em>Demons to Diamonds <\/em>[\u015eeytanlar ve Elmaslar] (2025) filminden bir kare<\/p>\n\n\n\n<p class=\"wp-block-paragraph\">\u00a9Valentin Nouja\u00efm<\/p>\n\n\n\n<p class=\"wp-block-paragraph\">Still from <em>Demons to Diamonds <\/em>(2025)<\/p>\n\n\n\n<p class=\"wp-block-paragraph\">\u00a9Valentin Nouja\u00efm<\/p>\n\n\n\n<figure class=\"wp-block-image size-large\"><img loading=\"lazy\" decoding=\"async\" width=\"1024\" height=\"576\" src=\"https:\/\/anhaber.net\/wp-content\/uploads\/2026\/07\/4.-Valentin-Noujaim-Demons-to-Diamonds-1024x576.jpg\" alt=\"\" class=\"wp-image-4666\" srcset=\"https:\/\/anhaber.net\/wp-content\/uploads\/2026\/07\/4.-Valentin-Noujaim-Demons-to-Diamonds-1024x576.jpg 1024w, https:\/\/anhaber.net\/wp-content\/uploads\/2026\/07\/4.-Valentin-Noujaim-Demons-to-Diamonds-300x169.jpg 300w, https:\/\/anhaber.net\/wp-content\/uploads\/2026\/07\/4.-Valentin-Noujaim-Demons-to-Diamonds-768x432.jpg 768w, https:\/\/anhaber.net\/wp-content\/uploads\/2026\/07\/4.-Valentin-Noujaim-Demons-to-Diamonds-1536x864.jpg 1536w, https:\/\/anhaber.net\/wp-content\/uploads\/2026\/07\/4.-Valentin-Noujaim-Demons-to-Diamonds-2048x1153.jpg 2048w\" sizes=\"(max-width: 1024px) 100vw, 1024px\" \/><\/figure>\n\n\n\n<p class=\"wp-block-paragraph\"><strong>5.<\/strong><\/p>\n\n\n\n<p class=\"wp-block-paragraph\"><em>To Exist Under Permanent Suspicion<\/em> [\u015e\u00fcphenin G\u00f6lgesinde Ya\u015fayanlar] (2024) filminden bir kare<\/p>\n\n\n\n<p class=\"wp-block-paragraph\">\u00a9Valentin Nouja\u00efm<\/p>\n\n\n\n<p class=\"wp-block-paragraph\">Still from <em>To Exist Under Permanent Suspicion <\/em>(2024)<\/p>\n\n\n\n<p class=\"wp-block-paragraph\">\u00a9Valentin Nouja\u00efm<\/p>\n\n\n\n<figure class=\"wp-block-image size-large\"><img loading=\"lazy\" decoding=\"async\" width=\"1024\" height=\"623\" src=\"https:\/\/anhaber.net\/wp-content\/uploads\/2026\/07\/5.-Valentin-Noujaim-To-Exist-Under-Permanent-Suspicion_-1024x623.jpg\" alt=\"\" class=\"wp-image-4667\" srcset=\"https:\/\/anhaber.net\/wp-content\/uploads\/2026\/07\/5.-Valentin-Noujaim-To-Exist-Under-Permanent-Suspicion_-1024x623.jpg 1024w, https:\/\/anhaber.net\/wp-content\/uploads\/2026\/07\/5.-Valentin-Noujaim-To-Exist-Under-Permanent-Suspicion_-300x183.jpg 300w, https:\/\/anhaber.net\/wp-content\/uploads\/2026\/07\/5.-Valentin-Noujaim-To-Exist-Under-Permanent-Suspicion_-768x468.jpg 768w, https:\/\/anhaber.net\/wp-content\/uploads\/2026\/07\/5.-Valentin-Noujaim-To-Exist-Under-Permanent-Suspicion_-1536x935.jpg 1536w, https:\/\/anhaber.net\/wp-content\/uploads\/2026\/07\/5.-Valentin-Noujaim-To-Exist-Under-Permanent-Suspicion_-2048x1247.jpg 2048w\" sizes=\"(max-width: 1024px) 100vw, 1024px\" \/><\/figure>\n\n\n\n<p class=\"wp-block-paragraph\"><strong>6.<\/strong><\/p>\n\n\n\n<p class=\"wp-block-paragraph\"><em>Pacific Club<\/em> (2023) filminden bir kare<\/p>\n\n\n\n<p class=\"wp-block-paragraph\">\u00a9Valentin Nouja\u00efm<\/p>\n\n\n\n<p class=\"wp-block-paragraph\">Still from <em>Pacific Club<\/em> (2023)<\/p>\n\n\n\n<p class=\"wp-block-paragraph\">\u00a9Valentin Nouja\u00efm<\/p>\n\n\n\n<figure class=\"wp-block-image size-large\"><img loading=\"lazy\" decoding=\"async\" width=\"1024\" height=\"576\" src=\"https:\/\/anhaber.net\/wp-content\/uploads\/2026\/07\/6.-Valentin-Noujaim-Pacific-Club-1024x576.jpg\" alt=\"\" class=\"wp-image-4668\" srcset=\"https:\/\/anhaber.net\/wp-content\/uploads\/2026\/07\/6.-Valentin-Noujaim-Pacific-Club-1024x576.jpg 1024w, https:\/\/anhaber.net\/wp-content\/uploads\/2026\/07\/6.-Valentin-Noujaim-Pacific-Club-300x169.jpg 300w, https:\/\/anhaber.net\/wp-content\/uploads\/2026\/07\/6.-Valentin-Noujaim-Pacific-Club-768x432.jpg 768w, https:\/\/anhaber.net\/wp-content\/uploads\/2026\/07\/6.-Valentin-Noujaim-Pacific-Club-1536x864.jpg 1536w, https:\/\/anhaber.net\/wp-content\/uploads\/2026\/07\/6.-Valentin-Noujaim-Pacific-Club-2048x1152.jpg 2048w\" sizes=\"(max-width: 1024px) 100vw, 1024px\" \/><\/figure>\n\n\n\n<p class=\"wp-block-paragraph\"><strong>7.<\/strong><\/p>\n\n\n\n<p class=\"wp-block-paragraph\"><em>(Re)membering the riots in Afrikaanderwijk in 1972 or guest, host, ghos-ti <\/em>[1972 Afrikaanderwijk Ayaklanmalar\u0131n\u0131 Yeniden Hat\u0131rlamak] (2023\u20132024) filminden bir kare<\/p>\n\n\n\n<p class=\"wp-block-paragraph\">\u00a9Cihad Caner<\/p>\n\n\n\n<p class=\"wp-block-paragraph\">Still from <em>(Re)membering the riots in Afrikaanderwijk in 1972 or guest, host, ghos-ti <\/em>(2023\u20132024)<\/p>\n\n\n\n<p class=\"wp-block-paragraph\">\u00a9Cihad Caner<\/p>\n\n\n\n<figure class=\"wp-block-image size-large\"><img loading=\"lazy\" decoding=\"async\" width=\"1024\" height=\"576\" src=\"https:\/\/anhaber.net\/wp-content\/uploads\/2026\/07\/7.-Cihad-Caner-Riots-1024x576.jpg\" alt=\"\" class=\"wp-image-4669\" srcset=\"https:\/\/anhaber.net\/wp-content\/uploads\/2026\/07\/7.-Cihad-Caner-Riots-1024x576.jpg 1024w, https:\/\/anhaber.net\/wp-content\/uploads\/2026\/07\/7.-Cihad-Caner-Riots-300x169.jpg 300w, https:\/\/anhaber.net\/wp-content\/uploads\/2026\/07\/7.-Cihad-Caner-Riots-768x432.jpg 768w, https:\/\/anhaber.net\/wp-content\/uploads\/2026\/07\/7.-Cihad-Caner-Riots-1536x865.jpg 1536w, https:\/\/anhaber.net\/wp-content\/uploads\/2026\/07\/7.-Cihad-Caner-Riots-2048x1153.jpg 2048w\" sizes=\"(max-width: 1024px) 100vw, 1024px\" \/><\/figure>\n","protected":false},"excerpt":{"rendered":"<p>Arazi, haf\u0131za ve ar\u015fiv aras\u0131ndaki ili\u015fkilerin izini s\u00fcren \u201cBarajdan S\u0131zanlar\u201dsergisi kapsam\u0131nda d\u00fczenlenen g\u00f6sterim program\u0131, 1 A\u011fustos\u2019ta Salt Beyo\u011flu\u2019ndaki A\u00e7\u0131k Sinema\u2019da. Salt\u2019\u0131n Barajdan S\u0131zanlar sergisi, Do\u011fu Akdeniz\u2019den K\u00f6rfez B\u00f6lgesi\u2019ne uzanan birco\u011frafyada, s\u00f6m\u00fcrgeci pratiklerin \u00f6tesinde bir \u201cyerde\u015flik\u201d tahayy\u00fcl ediyor. Arazinin haf\u0131za vear\u015fivle ili\u015fkisini merkeze alan sergi, co\u011frafyalar aras\u0131 dayan\u0131\u015fma imk\u00e2nlar\u0131n\u0131n pe\u015finde, kolektifbir varolu\u015f zemini d\u00fc\u015fl\u00fcyor. Sergi kapsam\u0131nda [&hellip;]<\/p>\n","protected":false},"author":3,"featured_media":4669,"comment_status":"open","ping_status":"open","sticky":false,"template":"","format":"standard","meta":{"footnotes":""},"categories":[4,45,12],"tags":[],"class_list":["post-4662","post","type-post","status-publish","format-standard","has-post-thumbnail","hentry","category-kultur-haberleri","category-manset","category-sanat-haberleri"],"aioseo_notices":[],"_links":{"self":[{"href":"https:\/\/anhaber.net\/index.php?rest_route=\/wp\/v2\/posts\/4662","targetHints":{"allow":["GET"]}}],"collection":[{"href":"https:\/\/anhaber.net\/index.php?rest_route=\/wp\/v2\/posts"}],"about":[{"href":"https:\/\/anhaber.net\/index.php?rest_route=\/wp\/v2\/types\/post"}],"author":[{"embeddable":true,"href":"https:\/\/anhaber.net\/index.php?rest_route=\/wp\/v2\/users\/3"}],"replies":[{"embeddable":true,"href":"https:\/\/anhaber.net\/index.php?rest_route=%2Fwp%2Fv2%2Fcomments&post=4662"}],"version-history":[{"count":1,"href":"https:\/\/anhaber.net\/index.php?rest_route=\/wp\/v2\/posts\/4662\/revisions"}],"predecessor-version":[{"id":4670,"href":"https:\/\/anhaber.net\/index.php?rest_route=\/wp\/v2\/posts\/4662\/revisions\/4670"}],"wp:featuredmedia":[{"embeddable":true,"href":"https:\/\/anhaber.net\/index.php?rest_route=\/wp\/v2\/media\/4669"}],"wp:attachment":[{"href":"https:\/\/anhaber.net\/index.php?rest_route=%2Fwp%2Fv2%2Fmedia&parent=4662"}],"wp:term":[{"taxonomy":"category","embeddable":true,"href":"https:\/\/anhaber.net\/index.php?rest_route=%2Fwp%2Fv2%2Fcategories&post=4662"},{"taxonomy":"post_tag","embeddable":true,"href":"https:\/\/anhaber.net\/index.php?rest_route=%2Fwp%2Fv2%2Ftags&post=4662"}],"curies":[{"name":"wp","href":"https:\/\/api.w.org\/{rel}","templated":true}]}}