{"id":4656,"date":"2026-07-16T20:44:36","date_gmt":"2026-07-16T20:44:36","guid":{"rendered":"https:\/\/anhaber.net\/?p=4656"},"modified":"2026-07-16T20:44:37","modified_gmt":"2026-07-16T20:44:37","slug":"bodrum-mavisine-adanmis-bir-hayatdenizci-deli-ismet-cengiz","status":"publish","type":"post","link":"https:\/\/anhaber.net\/?p=4656","title":{"rendered":"BODRUM MAV\u0130S\u0130NE ADANMI\u015e B\u0130R HAYAT\u2026DEN\u0130ZC\u0130,\u00a0\u201cDEL\u0130 \u0130SMET CENG\u0130Z\u201d"},"content":{"rendered":"\n<p class=\"wp-block-paragraph\"><strong>BODRUM DEN\u0130Z\u0130N\u0130N MASMAV\u0130 BERRAKLI\u011eINDA, T\u00dcM RENKLER\u0130, B\u00dcY\u00dcL\u00dc YA\u015eAMI, S\u00dcRPR\u0130ZLERLE DOLU CANLILARI VE DEN\u0130Z\u0130N E\u015eS\u0130Z RUHUNU \u0130\u00c7\u0130NDE TA\u015eIYAN B\u0130R \u00d6MR\u00dcN H\u0130K\u00c2YES\u0130\u2026<\/strong><\/p>\n\n\n\n<p class=\"wp-block-paragraph\">Bodrum, T\u00fcrkiye\u2019nin en b\u00fcy\u00fcl\u00fc, en reng\u00e2renk, en \u00e7\u0131lg\u0131n ve en an\u0131larla dolu, Ege B\u00f6lgesi\u2019nin gidildik\u00e7e vazge\u00e7ilemeyen turizm b\u00f6lgelerinden biri. Ama bir zamanlar Girit\u2019ten g\u00f6\u00e7 edenlerin s\u0131\u011f\u0131nmak zorunda oldu\u011fu, dokunulmam\u0131\u015f do\u011fas\u0131, mandalina bah\u00e7eleriyle \u00e7evrili, s\u00fcngercilik ve denizle i\u00e7 i\u00e7e ge\u00e7mi\u015f fazlas\u0131 ile do\u011fal &nbsp;bir k\u0131y\u0131 kasabas\u0131yd\u0131. Bug\u00fcn hayranl\u0131kla gidilen Bodrum\u2019un ard\u0131nda ise denize, denizden \u00e7\u0131kanlara ve denizin rengine \u00f6mr\u00fcn\u00fc adam\u0131\u015f insanlar\u0131n ger\u00e7ek bir ya\u015fam hik\u00e2yesi var. Ve \u00e7o\u011fumuz bu sihirli kasaban\u0131n ger\u00e7e\u011fini bilmiyoruz.<\/p>\n\n\n\n<p class=\"wp-block-paragraph\">\u0130\u015fte&nbsp;<strong>\u201cBodrum Bir Masald\u0131\u201d<\/strong>, bu hik\u00e2yeyi anlat\u0131yor.<\/p>\n\n\n\n<p class=\"wp-block-paragraph\">Yazar&nbsp;<strong>Meltem Ulu,<\/strong>&nbsp;iki y\u0131l boyunca \u0130smet Cengiz\u2019i dinleyerek, ara\u015ft\u0131rarak ve Bodrum\u2019un belle\u011fini b\u00fcy\u00fck bir sab\u0131rla ruhunda hissederek yaln\u0131zca bir biyografi de\u011fil, Bodrum\u2019un ger\u00e7ek haf\u0131zas\u0131n\u0131 kay\u0131t alt\u0131na alan, Bodrum\u2019un ge\u00e7mi\u015fi ve gelece\u011fi i\u00e7in \u00e7ok k\u0131ymetli bir esere imza att\u0131.<\/p>\n\n\n\n<p class=\"wp-block-paragraph\"><strong>\u201cBodrum Bir Masald\u0131\u201d<\/strong>&nbsp;kitab\u0131, Bodrum\u2019un en k\u0131ymetli isimlerinden \u0130smet Cengiz\u2019i anlat\u0131yor. Bu kitap sadece onun ya\u015fam \u00f6yk\u00fcs\u00fcn\u00fc anlatm\u0131yor, Spinalonga\u2019dan Bodrum\u2019a uzanan g\u00f6\u00e7 hik\u00e2yesinden ba\u015flayarak s\u00fcngercili\u011fin do\u011fu\u015funa, deniz k\u00fclt\u00fcr\u00fcn\u00fcn geli\u015fimine ve Bodrum\u2019un turizmle birlikte do\u011fu\u015funa kadar uzanan e\u015fsiz bir d\u00f6nemin tan\u0131kl\u0131\u011f\u0131n\u0131 da anlat\u0131yor.<\/p>\n\n\n\n<figure class=\"wp-block-image size-large\"><img fetchpriority=\"high\" decoding=\"async\" width=\"1024\" height=\"1024\" src=\"https:\/\/anhaber.net\/wp-content\/uploads\/2026\/07\/1784184957_Bodrum_Bir_Masald____Kitap-1024x1024.jpg\" alt=\"\" class=\"wp-image-4657\" srcset=\"https:\/\/anhaber.net\/wp-content\/uploads\/2026\/07\/1784184957_Bodrum_Bir_Masald____Kitap-1024x1024.jpg 1024w, https:\/\/anhaber.net\/wp-content\/uploads\/2026\/07\/1784184957_Bodrum_Bir_Masald____Kitap-300x300.jpg 300w, https:\/\/anhaber.net\/wp-content\/uploads\/2026\/07\/1784184957_Bodrum_Bir_Masald____Kitap-150x150.jpg 150w, https:\/\/anhaber.net\/wp-content\/uploads\/2026\/07\/1784184957_Bodrum_Bir_Masald____Kitap-768x768.jpg 768w, https:\/\/anhaber.net\/wp-content\/uploads\/2026\/07\/1784184957_Bodrum_Bir_Masald____Kitap-1536x1536.jpg 1536w, https:\/\/anhaber.net\/wp-content\/uploads\/2026\/07\/1784184957_Bodrum_Bir_Masald____Kitap-96x96.jpg 96w, https:\/\/anhaber.net\/wp-content\/uploads\/2026\/07\/1784184957_Bodrum_Bir_Masald____Kitap.jpg 2000w\" sizes=\"(max-width: 1024px) 100vw, 1024px\" \/><\/figure>\n\n\n\n<p class=\"wp-block-paragraph\">Yazar Meltem Ulu\u2019nun&nbsp;<strong>\u201cBodrum Bir Masald\u0131\u201d<\/strong>&nbsp;kitab\u0131, Bodrum\u2019a g\u00f6\u00e7 etmek zorunda kalan Ali Cengiz\u2019in Kalimnos Adas\u0131\u2019nda \u00f6\u011frendi\u011fi s\u00fcngercili\u011fi Bodrum\u2019a ta\u015f\u0131mas\u0131yla ba\u015flayan yolculu\u011fu, o\u011flu \u0130smet Cengiz\u2019in delice cesareti, deniz tutkusu ve \u201cDeli \u0130smet\u201d olarak haf\u0131zalara kaz\u0131nan ya\u015fam\u0131n\u0131 okuyucuya, daha do\u011frusu Bodrum sevdal\u0131lar\u0131na bir biyografi olarak sunuyor. Korkusuzca denize ve deniz iklime ald\u0131r\u0131\u015f etmeden hayat\u0131na y\u00f6n veren Cengiz\u2019in ger\u00e7ekten y\u00fcre\u011finin delice att\u0131\u011f\u0131n\u0131 anlat\u0131yor.&nbsp;<\/p>\n\n\n\n<p class=\"wp-block-paragraph\">Denizin b\u00fcy\u00fcs\u00fcne kap\u0131larak ruhunu ve ki\u015fili\u011fini denizde, denizdeki ya\u015fam\u0131n i\u00e7inde bulan \u0130smet Cengiz\u2019in, s\u00fcngercili\u011fin alt\u0131n \u00e7a\u011f\u0131ndan turizmin do\u011fu\u015funa kadar ge\u00e7en s\u00fcre\u00e7te Bodrum\u2019un de\u011fi\u015fimine birebir tan\u0131kl\u0131k etmesini ve bug\u00fcnlere uzanan ya\u015fam m\u00fccadelesini tarihsel bir yolculukla anlat\u0131yor.<\/p>\n\n\n\n<figure class=\"wp-block-image size-large\"><img decoding=\"async\" width=\"822\" height=\"1024\" src=\"https:\/\/anhaber.net\/wp-content\/uploads\/2026\/07\/1784184974_Filos_Belgeseli-822x1024.jpg\" alt=\"\" class=\"wp-image-4658\" srcset=\"https:\/\/anhaber.net\/wp-content\/uploads\/2026\/07\/1784184974_Filos_Belgeseli-822x1024.jpg 822w, https:\/\/anhaber.net\/wp-content\/uploads\/2026\/07\/1784184974_Filos_Belgeseli-241x300.jpg 241w, https:\/\/anhaber.net\/wp-content\/uploads\/2026\/07\/1784184974_Filos_Belgeseli-768x956.jpg 768w, https:\/\/anhaber.net\/wp-content\/uploads\/2026\/07\/1784184974_Filos_Belgeseli-1233x1536.jpg 1233w, https:\/\/anhaber.net\/wp-content\/uploads\/2026\/07\/1784184974_Filos_Belgeseli.jpg 1500w\" sizes=\"(max-width: 822px) 100vw, 822px\" \/><\/figure>\n\n\n\n<p class=\"wp-block-paragraph\">Denizcilikle ilgili her konuda dan\u0131\u015f\u0131lacak bir isim olmas\u0131, aileden ve ya\u015fant\u0131s\u0131ndan edindi\u011fi entelekt\u00fcel bilgi birikimi, a\u015fklar\u0131, \u00f6zellikle onunla tan\u0131\u015fmak isteyen T\u00fcrkiye\u2019den ve d\u00fcnyadan bir\u00e7ok \u00fcnl\u00fc isim, tekneleri, bal\u0131k bilgisi ve en \u00f6nemlisi do\u011fa bilgisi, \u0130smet Cengiz\u2019i daha da \u00f6nemli k\u0131l\u0131yor.<\/p>\n\n\n\n<p class=\"wp-block-paragraph\"><strong>\u201cBodrum Bir Masald\u0131\u201d<\/strong>, okuru yaln\u0131zca bir ya\u015fam \u00f6yk\u00fcs\u00fcne de\u011fil, ayn\u0131 zamanda Bodrum\u2019un unutulmaya y\u00fcz tutmu\u015f k\u00fclt\u00fcr\u00fcne de davet ediyor.<\/p>\n\n\n\n<p class=\"wp-block-paragraph\">S\u00fcnger nas\u0131l \u00e7\u0131kar\u0131l\u0131r? S\u00fcngercilik nedir? \u0130lk dal\u0131\u015flar nas\u0131l ger\u00e7ekle\u015ftirildi? Dal\u0131\u015f turizmi Bodrum\u2019da nas\u0131l ba\u015flad\u0131? Tekne yap\u0131m\u0131 ve mavi yolculuklar nas\u0131l geli\u015fti? Artemis Otel hangi isimleri a\u011f\u0131rlad\u0131? Yurt d\u0131\u015f\u0131ndan gelen turistlerin Bodruma\u2019 a hayranl\u0131\u011f\u0131 &nbsp;nas\u0131l oldu? &nbsp;Eskiden turizm bu kadar geli\u015fmeden \u00f6nce Bodrum nas\u0131ld\u0131 ve sonra nas\u0131l de\u011fi\u015fmeye ba\u015flad\u0131? Ve en \u00f6nemlisi,&nbsp;<strong>\u201cDeniz nedir?\u201d<\/strong>&nbsp;sorusunu da okura sorduruyor.<\/p>\n\n\n\n<p class=\"wp-block-paragraph\"><strong>\u201cBodrum Bir Masald\u0131\u201d<\/strong>, t\u00fcm bu sorular\u0131n cevaplar\u0131n\u0131 \u0130smet Cengiz\u2019in an\u0131lar\u0131 \u00fczerinden anlat\u0131rken, okuru Bodrum\u2019un ge\u00e7mi\u015fine a\u00e7\u0131lan heyecan dolu bir pencerenin \u00f6n\u00fcne getiriyor.<\/p>\n\n\n\n<p class=\"wp-block-paragraph\">Yazar Meltem Ulu\u2019nun sanki t\u00fcm ya\u015fananlar\u0131 kendi ya\u015fam\u0131\u015f\u00e7as\u0131na hissettiren anlat\u0131m\u0131, titiz ara\u015ft\u0131rmac\u0131l\u0131\u011f\u0131 ve s\u00f6zl\u00fc tarihsel \u00e7al\u0131\u015fmas\u0131yla kaleme al\u0131nan bu kitap, ger\u00e7ekle an\u0131lar\u0131 ustal\u0131kla bulu\u015fturuyor. Her sayfada yaln\u0131zca bir insan\u0131n hayat\u0131 de\u011fil, bir kentin ger\u00e7e\u011fi, deniz k\u00fclt\u00fcr\u00fc, g\u00f6\u00e7\u00fcn izleri, eme\u011fin de\u011feri ve Bodrum\u2019u Bodrum yapan insanlar\u0131n ya\u015fam\u0131 kay\u0131t alt\u0131na al\u0131n\u0131yor. Ve d\u00f6n\u00fcp bak\u0131ld\u0131\u011f\u0131nda, ne kadar de\u011ferli bir ge\u00e7mi\u015fe sahip oldu\u011fumuzu da hissettiriyor.<\/p>\n\n\n\n<p class=\"wp-block-paragraph\"><strong>\u201cBodrum Bir Masald\u0131\u201d<\/strong>&nbsp;kitab\u0131, Bodrum\u2019u yaln\u0131zca sokaklar\u0131yla, e\u011flencesiyle ve gastronomisiyle de\u011fil, onlar\u0131 var eden insanlar\u0131n hik\u00e2yeleriyle hat\u0131rlanmas\u0131 gerekti\u011fini anlat\u0131yor.<\/p>\n\n\n\n<p class=\"wp-block-paragraph\">Ayr\u0131kotu Yay\u0131nevi\u2019nden \u00e7\u0131kan&nbsp;<strong>\u201cBodrum Bir Masald\u0131\u201d<\/strong>&nbsp;kitab\u0131, \u0130smet Cengiz\u2019in ya\u015fam\u0131 \u00fczerinden Bodrum\u2019un mavisine, ye\u015filine ve t\u00fcm renklerine yaz\u0131lm\u0131\u015f Bodrum ger\u00e7e\u011fidir.<\/p>\n\n\n\n<p class=\"wp-block-paragraph\">Ve okuyucunu kendisine<\/p>\n\n\n\n<p class=\"wp-block-paragraph\">&nbsp;\u201cBodrum bir masal m\u0131yd\u0131? ve biz bu masal\u0131n neresindeyiz\u201d i sorduruyor.<\/p>\n\n\n\n<p class=\"wp-block-paragraph\">Yazar Meltem Ulu; &nbsp;kitaplar ve \u00f6zel etkinlikler&nbsp;<a href=\"https:\/\/www.instagram.com\/meltem.ulu\" target=\"_blank\" rel=\"noreferrer noopener\">https:\/\/www.instagram.com\/meltem.ulu<\/a><\/p>\n\n\n\n<p class=\"wp-block-paragraph\">sosyal medyas\u0131ndan takip edilebilir.<\/p>\n\n\n\n<p class=\"wp-block-paragraph\"><strong>YAZAR DR. MELTEM ULU; &nbsp;<\/strong><\/p>\n\n\n\n<p class=\"wp-block-paragraph\"><strong>Dr. Meltem Ulu<\/strong>, Marmara \u00dcniversitesi \u0130leti\u015fim Fak\u00fcltesi Halkla \u0130li\u015fkiler ve Tan\u0131t\u0131m B\u00f6l\u00fcm\u00fc\u2019nden mezun olmu\u015f, Yeditepe \u00dcniversitesi Sosyal Antropoloji B\u00f6l\u00fcm\u00fc\u2019nde doktoras\u0131n\u0131 tamamlam\u0131\u015ft\u0131r. Doktora \u00e7al\u0131\u015fmalar\u0131 kapsam\u0131nda \u0130ngiltere\u2019deki Kent University\u2019de ziyaret\u00e7i ara\u015ft\u0131rmac\u0131 olarak bulunmu\u015f, akademik \u00e7al\u0131\u015fmalar\u0131n\u0131 k\u00fclt\u00fcrel haf\u0131za, g\u00f6\u00e7, kent ve toplumsal d\u00f6n\u00fc\u015f\u00fcm alanlar\u0131nda yo\u011funla\u015ft\u0131rm\u0131\u015ft\u0131r.<\/p>\n\n\n\n<p class=\"wp-block-paragraph\">\u201c<strong>De\u011fi\u015fen \u0130stanbul\u2019un Tan\u0131klar\u0131, &nbsp;D\u00fc\u011f\u00fcn ve Aile Foto\u011fraflar\u0131<\/strong>\u201d adl\u0131 doktora tezini kitapla\u015ft\u0131ran Ulu, sosyal antropoloji alan\u0131ndaki \u00e7al\u0131\u015fmalar\u0131n\u0131 \u00e7ocuk edebiyat\u0131na da ta\u015f\u0131m\u0131\u015f; g\u00f6\u00e7, k\u00fclt\u00fcrel haf\u0131za ve \u00e7evre temalar\u0131n\u0131 ele alan \u00e7ok say\u0131da \u00e7ocuk kitab\u0131 kaleme alm\u0131\u015ft\u0131r.<\/p>\n\n\n\n<p class=\"wp-block-paragraph\">Yeti\u015fkin okurlar i\u00e7in yazd\u0131\u011f\u0131&nbsp;<strong>\u201cHalikarnas Bal\u0131k\u00e7\u0131s\u0131\u2019n\u0131n Yolculu\u011fu\u201d<\/strong>&nbsp;adl\u0131 biyografik eseri, Halikarnas Bal\u0131k\u00e7\u0131s\u0131\u2019n\u0131n ya\u015fam\u0131n\u0131 ve d\u00fc\u015f\u00fcnce d\u00fcnyas\u0131n\u0131 kapsaml\u0131 bir bak\u0131\u015f a\u00e7\u0131s\u0131yla anlatmaktad\u0131r. Bu kitaptan ilham al\u0131narak \u00e7ekilen yap\u0131mc\u0131l\u0131\u011f\u0131n\u0131 ve y\u00f6netmenli\u011fini &nbsp;Nurdan T\u00fcmbek Tekelio\u011flu ve Orhan Tekelio\u011flu\u2019nun yapt\u0131\u011f\u0131&nbsp;<strong>\u201cFilos\u201d<\/strong>&nbsp;belgeseli ise ulusal ve uluslararas\u0131 bir\u00e7ok belgesel film festivalinde g\u00f6sterime girmi\u015ftir.<\/p>\n\n\n\n<p class=\"wp-block-paragraph\">Bodrum\u2019un denizcilik k\u00fclt\u00fcr\u00fcn\u00fcn korunmas\u0131na y\u00f6nelik \u00f6nemli \u00e7al\u0131\u015fmalara da katk\u0131 sunan Ulu, Bodrum\u2019da s\u00fcnger avc\u0131lar\u0131yla ger\u00e7ekle\u015ftirilen s\u00f6zl\u00fc tarih projesinin dan\u0131\u015fmanl\u0131\u011f\u0131n\u0131 \u00fcstlenmi\u015ftir. Bu \u00e7al\u0131\u015fma,&nbsp;<strong>\u201cBiz S\u00fcngerciler, &nbsp;Ya\u015fad\u0131klar\u0131m\u0131z, Hat\u0131ralar\u0131m\u0131z\u201d<\/strong>&nbsp;ad\u0131yla Bodrum Deniz M\u00fczesi Yay\u0131nlar\u0131 ve Yeni \u0130nsan Yay\u0131nevi taraf\u0131ndan yay\u0131mlanm\u0131\u015ft\u0131r.<\/p>\n\n\n\n<p class=\"wp-block-paragraph\">Son olarak kaleme ald\u0131\u011f\u0131&nbsp;<strong>\u201cBodrum Bir Masald\u0131, &nbsp;Ge\u00e7mi\u015ften G\u00fcn\u00fcm\u00fcze \u0130smet Cengiz\u2019in Denizcilik Hik\u00e2yesi\u201d<\/strong>&nbsp;adl\u0131 eserinde, T\u00fcrk denizcili\u011finin \u00f6nemli isimlerinden \u0130smet Cengiz\u2019in ya\u015fam \u00f6yk\u00fcs\u00fcn\u00fc ve Bodrum\u2019un denizcilik miras\u0131n\u0131 gelecek ku\u015faklara aktarmaktad\u0131r.<\/p>\n\n\n\n<p class=\"wp-block-paragraph\">Dr. Meltem Ulu, ayn\u0131 zamanda T\u00fcrk edebiyat\u0131n\u0131n \u00f6nemli isimlerinden &nbsp;yazar &nbsp;<strong>Mario &nbsp;Levi\u2019nin &nbsp;eski e\u015fidir<\/strong>. Akademik \u00e7al\u0131\u015fmalar\u0131n\u0131 s\u00fcrd\u00fcr\u00fcrken Ac\u0131badem \u00dcniversitesi Sosyoloji B\u00f6l\u00fcm\u00fc\u2019nde ders vermekte, &nbsp;yazarl\u0131k ve ara\u015ft\u0131rmac\u0131l\u0131k \u00e7al\u0131\u015fmalar\u0131na devam ederek k\u00fclt\u00fcrel miras\u0131n gelecek ku\u015faklara aktar\u0131lmas\u0131na katk\u0131 sunmay\u0131 ama\u00e7lamaktad\u0131r<\/p>\n\n\n\n<p class=\"wp-block-paragraph\"><strong>Yay\u0131nlanm\u0131\u015f \u00c7ocuk Kitaplar\u0131m<\/strong><\/p>\n\n\n\n<p class=\"wp-block-paragraph\"><strong>P<\/strong><strong>\u00f6<\/strong><strong>tikare Yay\u0131nc\u0131l\u0131k:<\/strong><\/p>\n\n\n\n<ul class=\"wp-block-list\">\n<li><em>Halikarnas Bal<\/em><em>\u0131k\u00e7\u0131s\u0131<\/em><\/li>\n\n\n\n<li><em>Osman Hamdi Bey<\/em><\/li>\n\n\n\n<li><em>Ara G\u00fcler ile Foto\u011fraf\u0131n Sihirli D\u00fcnyas\u0131na Yolculuk<\/em><\/li>\n\n\n\n<li><em>\u0130stanbul Sofras\u0131<\/em><\/li>\n<\/ul>\n\n\n\n<p class=\"wp-block-paragraph\"><strong>Dinozor \u00c7ocuk:<\/strong><\/p>\n\n\n\n<ul class=\"wp-block-list\">\n<li><em>Koca Kabuklu K\u00fc\u00e7\u00fck Salyangoz<\/em><\/li>\n<\/ul>\n\n\n\n<p class=\"wp-block-paragraph\"><strong>Yeni \u0130nsan \u00c7ocuk:<\/strong><\/p>\n\n\n\n<ul class=\"wp-block-list\">\n<li><em>\u0130stanbul&#8217;un Bal\u0131klar\u0131<\/em><\/li>\n\n\n\n<li><em>Ankara&#8217;n\u0131n Ke\u00e7ileri<\/em><\/li>\n<\/ul>\n\n\n\n<p class=\"wp-block-paragraph\"><strong>Antik \u00c7a\u011f Serisi:<\/strong><\/p>\n\n\n\n<ul class=\"wp-block-list\">\n<li><em>Arda Antik \u00c7a\u011f&#8217;da: Sokrates<\/em><\/li>\n\n\n\n<li><em>Platon&#8217;un Ma\u011faras\u0131<\/em><\/li>\n\n\n\n<li><em>Thales ile Konu\u015fmalar<\/em><\/li>\n\n\n\n<li><em>\u0130skenderiyeli Hypatia<\/em><\/li>\n<\/ul>\n\n\n\n<p class=\"wp-block-paragraph\"><\/p>\n\n\n\n<p class=\"wp-block-paragraph\"><\/p>\n","protected":false},"excerpt":{"rendered":"<p>BODRUM DEN\u0130Z\u0130N\u0130N MASMAV\u0130 BERRAKLI\u011eINDA, T\u00dcM RENKLER\u0130, B\u00dcY\u00dcL\u00dc YA\u015eAMI, S\u00dcRPR\u0130ZLERLE DOLU CANLILARI VE DEN\u0130Z\u0130N E\u015eS\u0130Z RUHUNU \u0130\u00c7\u0130NDE TA\u015eIYAN B\u0130R \u00d6MR\u00dcN H\u0130K\u00c2YES\u0130\u2026 Bodrum, T\u00fcrkiye\u2019nin en b\u00fcy\u00fcl\u00fc, en reng\u00e2renk, en \u00e7\u0131lg\u0131n ve en an\u0131larla dolu, Ege B\u00f6lgesi\u2019nin gidildik\u00e7e vazge\u00e7ilemeyen turizm b\u00f6lgelerinden biri. Ama bir zamanlar Girit\u2019ten g\u00f6\u00e7 edenlerin s\u0131\u011f\u0131nmak zorunda oldu\u011fu, dokunulmam\u0131\u015f do\u011fas\u0131, mandalina bah\u00e7eleriyle \u00e7evrili, s\u00fcngercilik ve [&hellip;]<\/p>\n","protected":false},"author":3,"featured_media":4659,"comment_status":"open","ping_status":"open","sticky":false,"template":"","format":"standard","meta":{"footnotes":""},"categories":[4,45,12],"tags":[],"class_list":["post-4656","post","type-post","status-publish","format-standard","has-post-thumbnail","hentry","category-kultur-haberleri","category-manset","category-sanat-haberleri"],"aioseo_notices":[],"_links":{"self":[{"href":"https:\/\/anhaber.net\/index.php?rest_route=\/wp\/v2\/posts\/4656","targetHints":{"allow":["GET"]}}],"collection":[{"href":"https:\/\/anhaber.net\/index.php?rest_route=\/wp\/v2\/posts"}],"about":[{"href":"https:\/\/anhaber.net\/index.php?rest_route=\/wp\/v2\/types\/post"}],"author":[{"embeddable":true,"href":"https:\/\/anhaber.net\/index.php?rest_route=\/wp\/v2\/users\/3"}],"replies":[{"embeddable":true,"href":"https:\/\/anhaber.net\/index.php?rest_route=%2Fwp%2Fv2%2Fcomments&post=4656"}],"version-history":[{"count":1,"href":"https:\/\/anhaber.net\/index.php?rest_route=\/wp\/v2\/posts\/4656\/revisions"}],"predecessor-version":[{"id":4660,"href":"https:\/\/anhaber.net\/index.php?rest_route=\/wp\/v2\/posts\/4656\/revisions\/4660"}],"wp:featuredmedia":[{"embeddable":true,"href":"https:\/\/anhaber.net\/index.php?rest_route=\/wp\/v2\/media\/4659"}],"wp:attachment":[{"href":"https:\/\/anhaber.net\/index.php?rest_route=%2Fwp%2Fv2%2Fmedia&parent=4656"}],"wp:term":[{"taxonomy":"category","embeddable":true,"href":"https:\/\/anhaber.net\/index.php?rest_route=%2Fwp%2Fv2%2Fcategories&post=4656"},{"taxonomy":"post_tag","embeddable":true,"href":"https:\/\/anhaber.net\/index.php?rest_route=%2Fwp%2Fv2%2Ftags&post=4656"}],"curies":[{"name":"wp","href":"https:\/\/api.w.org\/{rel}","templated":true}]}}