{"id":4647,"date":"2026-07-15T19:52:39","date_gmt":"2026-07-15T19:52:39","guid":{"rendered":"https:\/\/anhaber.net\/?p=4647"},"modified":"2026-07-15T19:54:37","modified_gmt":"2026-07-15T19:54:37","slug":"oktay-kaynarca-ve-murat-yeterden-gesi-baglari-ile-su-yuzune-cikan-hayatlar","status":"publish","type":"post","link":"https:\/\/anhaber.net\/?p=4647","title":{"rendered":"OKTAY KAYNARCA VE MURAT YETER&#8217;DEN &#8220;GES\u0130 BA\u011eLARI&#8221; \u0130LE SU Y\u00dcZ\u00dcNE \u00c7IKAN HAYATLAR!"},"content":{"rendered":"\n<p class=\"wp-block-paragraph\"><strong>KAMYON FABR\u0130KASINDAN KOVULAN J\u00d6N, EMEKL\u0130 \u0130KRAM\u0130YES\u0130YLE DAVUL ALINAN M\u00dcZ\u0130SYEN!<\/strong><\/p>\n\n\n\n<p class=\"wp-block-paragraph\">T\u00fcrkiye&#8217;nin en \u00fcretken aranj\u00f6r, besteci ve davulcular\u0131ndan Murat Yeter, m\u00fczik tarihimize alt\u0131n harflerle yaz\u0131lacak ar\u015fiv niteli\u011findeki dev projesi &#8220;FOLK&#8221; ile dinleyiciye adeta bir hazine sunuyor. Alb\u00fcmde yer alan sanat\u00e7\u0131lar\u0131n Murat Yeter ile bug\u00fcne kadar bilinmeyen hikayelerini payla\u015ft\u0131klar\u0131 YouTube serisi de yay\u0131mlanmaya devam ediyor. Projenin dikkat \u00e7eken yorumlar\u0131ndan biri de Oktay Kaynarca&#8217;n\u0131n seslendirdi\u011fi &#8220;Gesi Ba\u011flar\u0131&#8221; oldu. Y\u0131llard\u0131r t\u00fcrk\u00fclere olan tutkusu ile bilinen Kaynarca, Murat Yeter ile ger\u00e7ekle\u015ftirdi\u011fi \u00f6zel s\u00f6yle\u015fide hem &#8220;Gesi Ba\u011flar\u0131&#8221;n\u0131n hikayesini hem de m\u00fczikle kurdu\u011fu ba\u011f\u0131, y\u0131llara dayanan dostluklar\u0131n\u0131 ve bug\u00fcne kadar pek bilinmeyen ya\u015fam \u00f6yk\u00fcs\u00fcn\u00fc samimi a\u00e7\u0131klamalarla anlatt\u0131.<\/p>\n\n\n\n<p class=\"wp-block-paragraph\">REINA&#8217;DA ALB\u00dcM PAZARLI\u011eI: &#8220;ME\u011eER T\u00dcRK\u00dcC\u00dc OLACAKKEN OYUNCU OLMU\u015eUM!&#8221;<\/p>\n\n\n\n<p class=\"wp-block-paragraph\">Y\u0131llar \u00f6nce \u00fcnl\u00fc gece kul\u00fcb\u00fc Reina&#8217;da bulu\u015ftuklar\u0131nda Murat Yeter&#8217;e alb\u00fcm teklifi yapt\u0131\u011f\u0131n\u0131 kahkahalarla itiraf eden Oktay Kaynarca, o g\u00fcnleri \u015fu s\u00f6zlerle anlatt\u0131:<\/p>\n\n\n\n<p class=\"wp-block-paragraph\">&#8220;Bir g\u00fcn Reina&#8217;da bulu\u015ftuk, Murat&#8217;a &#8216;Bana t\u00fcrk\u00fc alb\u00fcm\u00fc yapar m\u0131s\u0131n?&#8217; dedim. O zaman\u0131n hevesi, b\u00fcy\u00fck hadsizlik ve \u00f6zg\u00fcven! Az kals\u0131n t\u00fcrk\u00fcc\u00fc olacakm\u0131\u015f\u0131m ama oyuncu olmu\u015fum.&#8221;<\/p>\n\n\n\n<p class=\"wp-block-paragraph\">M\u00fczikte kusursuz teknikten ziyade samimiyete \u00f6nem verdi\u011fini belirten \u00fcnl\u00fc oyuncu, &#8220;Notalara kusursuz basmaktan \u00e7ok, samimi s\u00f6ylemeyi seviyorum. T\u00fcrk\u00fc de bu samimiyeti kald\u0131ran bir m\u00fczik.&#8221; dedi.<\/p>\n\n\n\n<p class=\"wp-block-paragraph\">&#8220;\u00d6LEMED\u0130M AB\u0130, \u00d6LEM\u0130YORUM! HER 8 N\u0130SAN&#8217;DA HELVAMI DA\u011eITIYORLAR&#8221;<\/p>\n\n\n\n<p class=\"wp-block-paragraph\">Canland\u0131rd\u0131\u011f\u0131 efsanevi karakterlerin \u00f6l\u00fcm sahnelerinin ard\u0131ndan her y\u0131l g\u0131yab\u0131nda cenaze namaz\u0131 k\u0131l\u0131nan ve helva da\u011f\u0131t\u0131lan Kaynarca, bu konudaki \u015fa\u015fk\u0131nl\u0131\u011f\u0131n\u0131 ve e\u011flencesini \u015fu s\u00f6zlerle payla\u015ft\u0131:<\/p>\n\n\n\n<p class=\"wp-block-paragraph\">&#8220;\u00d6lemedim abi ben, bir t\u00fcrl\u00fc \u00f6lemiyorum! Her 8 Nisan&#8217;da ortal\u0131k kar\u0131\u015f\u0131yor, k\u0131yamet kopuyor. Sosyal medyada taziye mesajlar\u0131 yay\u0131nlan\u0131yor. Murat, &#8216;Bir dahaki 8 Nisan&#8217;da benim helvam\u0131 sen yapt\u0131r&#8217;, o da &#8216;Camilerde yapt\u0131r bence.&#8217; Allah&#8217;a bin \u015f\u00fck\u00fcr, iyi ki bu i\u015fleri yapm\u0131\u015f\u0131z, geriye \u00e7ok g\u00fczel an\u0131lar kald\u0131.&#8221;<\/p>\n\n\n\n<figure class=\"wp-block-image size-large is-resized\"><img fetchpriority=\"high\" decoding=\"async\" width=\"1024\" height=\"683\" src=\"https:\/\/anhaber.net\/wp-content\/uploads\/2026\/07\/1784143958_Murat_Yeter___Oktay_Kaynarca__1_-1024x683.jpeg\" alt=\"\" class=\"wp-image-4650\" style=\"aspect-ratio:1.5000300102034692;width:700px;height:auto\" srcset=\"https:\/\/anhaber.net\/wp-content\/uploads\/2026\/07\/1784143958_Murat_Yeter___Oktay_Kaynarca__1_-1024x683.jpeg 1024w, https:\/\/anhaber.net\/wp-content\/uploads\/2026\/07\/1784143958_Murat_Yeter___Oktay_Kaynarca__1_-300x200.jpeg 300w, https:\/\/anhaber.net\/wp-content\/uploads\/2026\/07\/1784143958_Murat_Yeter___Oktay_Kaynarca__1_-768x512.jpeg 768w, https:\/\/anhaber.net\/wp-content\/uploads\/2026\/07\/1784143958_Murat_Yeter___Oktay_Kaynarca__1_-1536x1024.jpeg 1536w, https:\/\/anhaber.net\/wp-content\/uploads\/2026\/07\/1784143958_Murat_Yeter___Oktay_Kaynarca__1_-2048x1365.jpeg 2048w\" sizes=\"(max-width: 1024px) 100vw, 1024px\" \/><figcaption class=\"wp-element-caption\">HAKAN OCAL        0 533 493 33 35<\/figcaption><\/figure>\n\n\n\n<p class=\"wp-block-paragraph\">&#8220;ARKADA\u015eLAR ARASINDA RACON OLMAZ!&#8221;<\/p>\n\n\n\n<p class=\"wp-block-paragraph\">Sohbet s\u0131ras\u0131nda Kas\u0131mpa\u015fa&#8217;da do\u011fup b\u00fcy\u00fcyen Murat Yeter&#8217;in dizilerdeki yanl\u0131\u015flarla dalga ge\u00e7ip &#8220;Seni d\u00f6verim.&#8221; demesi, Kaynarca&#8217;n\u0131n &#8220;D\u00f6versin.&#8221; cevab\u0131yla st\u00fcdyoyu kahkahaya bo\u011fdu. Efsanevi &#8220;racon&#8221; kesen karakterlere hayat veren Oktay Kaynarca, s\u00f6yle\u015fide bu konudaki esprili ama ger\u00e7ek\u00e7i yakla\u015f\u0131m\u0131yla da dikkat \u00e7ekti.<\/p>\n\n\n\n<p class=\"wp-block-paragraph\">&#8220;GIRGIR \u015eAMATADAN KAMYON \u00c7IKMIYORDU, FABR\u0130KADAN KOVDULAR!&#8221;<\/p>\n\n\n\n<p class=\"wp-block-paragraph\">Lise y\u0131llar\u0131nda ba\u015far\u0131s\u0131z bir \u00f6\u011frenci oldu\u011funu ve ailesinin kendisini disipline etmek i\u00e7in kamyon fabrikas\u0131na verdi\u011fini s\u00f6yleyen Kaynarca \u015f\u00f6yle konu\u015ftu:<\/p>\n\n\n\n<p class=\"wp-block-paragraph\">&#8220;Fiat kamyon fabrikas\u0131nda elektrik hatt\u0131nda i\u015fe girdim. Tulumlar\u0131 giyip 6 ay \u00e7al\u0131\u015ft\u0131m. Ama yapt\u0131\u011f\u0131m g\u0131rg\u0131r \u015famata y\u00fcz\u00fcnden banttan kamyon \u00e7\u0131km\u0131yordu, i\u015f y\u00fcr\u00fcm\u00fcyordu! En sonunda &#8216;Al\u0131n bunu buradan.&#8217; diyerek beni kovdular. Allah&#8217;tan da kovmu\u015flar; o g\u00fcn bir karar vermem gerekti\u011fini anlad\u0131m ve konservatuvar s\u0131navlar\u0131na girdim.&#8221;<\/p>\n\n\n\n<p class=\"wp-block-paragraph\">Kaynarca, yine o y\u0131llarda d\u00fc\u011f\u00fcn salonlar\u0131nda &#8220;\u015fip\u015fak foto\u011fraf\u00e7\u0131l\u0131k&#8221; yapt\u0131\u011f\u0131n\u0131, filmleri karanl\u0131k odada sigara \u0131\u015f\u0131\u011f\u0131 yard\u0131m\u0131yla y\u0131kay\u0131p basarak har\u00e7l\u0131\u011f\u0131n\u0131 \u00e7\u0131kard\u0131\u011f\u0131n\u0131 da s\u00f6zlerine ekledi.<\/p>\n\n\n\n<p class=\"wp-block-paragraph\">YAZILAN SENARYO GER\u00c7EK \u00c7IKTI: OKTAY YAZDI, MURAT&#8217;IN BABASI L\u0130TERAT\u00dcRE GE\u00c7\u0130RD\u0130!<\/p>\n\n\n\n<p class=\"wp-block-paragraph\">Oktay Kaynarca&#8217;n\u0131n y\u0131llar \u00f6nce kaleme ald\u0131\u011f\u0131 ve &#8220;Dede \u015eeker&#8221; isimli efsanevi bir g\u00fcvercinin hikayesini konu alan &#8220;U\u00e7ur Beni Dede \u015eeker&#8221; adl\u0131 sinema filmi senaryosu, s\u00f6yle\u015fide \u015fa\u015f\u0131rt\u0131c\u0131 bir aile s\u0131rr\u0131yla birle\u015fti. Kaynarca&#8217;n\u0131n kendi ku\u015f\u00e7uluk ge\u00e7mi\u015fini anlatmas\u0131 \u00fczerine araya giren Murat Yeter, babas\u0131 Mehmet Yeter&#8217;in asl\u0131nda bu k\u00fclt\u00fcr\u00fcn efsanelerinden biri oldu\u011funu a\u00e7\u0131klad\u0131.<\/p>\n\n\n\n<p class=\"wp-block-paragraph\">Babas\u0131n\u0131n polislikten emekli olduktan sonra Kas\u0131mpa\u015fa&#8217;da ku\u015f\u00e7ulukla ge\u00e7imini sa\u011flad\u0131\u011f\u0131n\u0131 ve darac\u0131k merdiven bo\u015flu\u011funda takla atabilen, literat\u00fcre ge\u00e7mi\u015f &#8220;Merdiven Alt\u0131&#8221; ad\u0131nda \u00f6zel bir taklac\u0131 g\u00fcvercin \u0131rk\u0131 \u00fcretti\u011fini s\u00f6yleyen Yeter, yak\u0131n dostunu \u015fa\u015fk\u0131na \u00e7evirdi. 33 y\u0131ll\u0131k dostunun babas\u0131n\u0131n bu y\u00f6n\u00fcn\u00fc ilk kez \u00f6\u011frenen Kaynarca, &#8220;Ben y\u0131llarca bu senaryoyu \u00e7ekmek i\u00e7in u\u011fra\u015ft\u0131m, me\u011fer hikayenin ger\u00e7e\u011fi senin baban\u0131n hayat\u0131ym\u0131\u015f! Bu filmi art\u0131k bensiz \u00e7ekemezsin.&#8221; diyerek y\u0131llar \u00f6nce yazd\u0131\u011f\u0131 senaryoyu Murat Yeter&#8217;in babas\u0131n\u0131n ger\u00e7ek hayat hik\u00e2yesiyle birle\u015ftirme karar\u0131 ald\u0131.<\/p>\n\n\n\n<figure class=\"wp-block-image size-large is-resized\"><img decoding=\"async\" width=\"1024\" height=\"683\" src=\"https:\/\/anhaber.net\/wp-content\/uploads\/2026\/07\/1784143986_Murat_Yeter___Oktay_Kaynarca__4_-1024x683.jpeg\" alt=\"\" class=\"wp-image-4651\" style=\"width:687px;height:auto\" srcset=\"https:\/\/anhaber.net\/wp-content\/uploads\/2026\/07\/1784143986_Murat_Yeter___Oktay_Kaynarca__4_-1024x683.jpeg 1024w, https:\/\/anhaber.net\/wp-content\/uploads\/2026\/07\/1784143986_Murat_Yeter___Oktay_Kaynarca__4_-300x200.jpeg 300w, https:\/\/anhaber.net\/wp-content\/uploads\/2026\/07\/1784143986_Murat_Yeter___Oktay_Kaynarca__4_-768x512.jpeg 768w, https:\/\/anhaber.net\/wp-content\/uploads\/2026\/07\/1784143986_Murat_Yeter___Oktay_Kaynarca__4_-1536x1024.jpeg 1536w, https:\/\/anhaber.net\/wp-content\/uploads\/2026\/07\/1784143986_Murat_Yeter___Oktay_Kaynarca__4_-2048x1365.jpeg 2048w\" sizes=\"(max-width: 1024px) 100vw, 1024px\" \/><figcaption class=\"wp-element-caption\">HAKAN OCAL        0 533 493 33 35<\/figcaption><\/figure>\n\n\n\n<p class=\"wp-block-paragraph\">EV PARASINA DAVUL ALAN B\u0130R BABA VE BARI\u015e MAN\u00c7O BA\u011eLANTISI<\/p>\n\n\n\n<p class=\"wp-block-paragraph\">Murat Yeter, babas\u0131n\u0131n kendisi i\u00e7in yapt\u0131\u011f\u0131 fedak\u00e2rl\u0131\u011f\u0131 \u015fu s\u00f6zlerle anlatt\u0131:<\/p>\n\n\n\n<p class=\"wp-block-paragraph\">&#8220;Polis olan babam Mehmet Yeter, emekli ikramiyesini ald\u0131\u011f\u0131nda o parayla T\u00fcrkiye&#8217;de kimsede olmayan, Almanya&#8217;dan \u00f6zel getirilen metal bir Ludwig davul seti sat\u0131n ald\u0131. O parayla ev alabilirdi ama benim i\u00e7in davula yat\u0131rd\u0131. Y\u0131llar sonra o davulu satmak durumunda kald\u0131\u011f\u0131m\u0131zda, davulu o d\u00f6nemin en efsane ismi Bar\u0131\u015f Man\u00e7o&#8217;nun davulcusu sat\u0131n ald\u0131.&#8221;<\/p>\n\n\n\n<p class=\"wp-block-paragraph\">&#8220;T\u00dcRK\u00dcLER &#8216;SEN\u0130 SEV\u0130YORUM&#8217; DEMEDEN A\u015eKI ANLATIR&#8221;<\/p>\n\n\n\n<p class=\"wp-block-paragraph\">&#8220;Gesi Ba\u011flar\u0131&#8221; t\u00fcrk\u00fcs\u00fcn\u00fc yorumlarken adeta bir hik\u00e2ye anlatt\u0131\u011f\u0131n\u0131 belirten Oktay Kaynarca, t\u00fcrk\u00fclerin felsefesine dair \u015fu de\u011ferlendirmeyi yapt\u0131:<\/p>\n\n\n\n<p class=\"wp-block-paragraph\">&#8220;Bir t\u00fcrk\u00fcn\u00fcn i\u00e7inde ba\u015ftan sona tek bir kez bile &#8216;Seni seviyorum&#8217; s\u00f6z\u00fc ge\u00e7mez. Ama \u00f6yle bir anlat\u0131r ki, o iki kelime sonunda \u00e7ok hafif kal\u0131r. T\u00fcrk\u00fclerin g\u00fcc\u00fc buradad\u0131r.&#8221;<\/p>\n\n\n\n<p class=\"wp-block-paragraph\">S\u00f6yle\u015fide &#8220;Gesi Ba\u011flar\u0131&#8221;n\u0131n gurbetlik ve anne ac\u0131s\u0131 \u00fczerine kurulu h\u00fcz\u00fcnl\u00fc hik\u00e2yesi konu\u015fulurken konu \u00fcnl\u00fc oyuncunun kendi ya\u015fam\u0131na ve ge\u00e7mi\u015fine geldi. Sunucunun, &#8220;Ya\u015fad\u0131\u011f\u0131n\u0131z hayat, baban\u0131z\u0131n kayb\u0131, \u00e7ocuklu\u011funuz ve gitti\u011finiz yol asl\u0131nda dramatize etmeden ge\u00e7ti\u011finiz bir t\u00fcrk\u00fc gibi de\u011fil mi?&#8221; sorusuna i\u00e7tenlikle yan\u0131t veren Kaynarca, \u015funlar\u0131 s\u00f6yledi:<\/p>\n\n\n\n<p class=\"wp-block-paragraph\">&#8220;Beni tarif eden \u015feylerin t\u00fcrk\u00fcler oldu\u011funu d\u00fc\u015f\u00fcn\u00fcyorum. Bizim co\u011frafyam\u0131zda t\u00fcrk\u00fcler ac\u0131yla, ya\u015fanm\u0131\u015fl\u0131kla, gurbetle yo\u011frulur. Benim de \u00e7ocuklu\u011fumdan bu yana y\u00fcr\u00fcd\u00fc\u011f\u00fcm yol, ta\u015f\u0131d\u0131\u011f\u0131m o sessiz ac\u0131lar hep bir t\u00fcrk\u00fc ritminde akt\u0131. Belki de bu y\u00fczden bir ba\u011flama sesi duydu\u011fumda hemen durup dinliyorum. \u00c7\u00fcnk\u00fc o t\u0131n\u0131lar\u0131n i\u00e7inde kendi ge\u00e7mi\u015fimi, kendi hik\u00e2yemi ve o ya\u015fanm\u0131\u015fl\u0131klar\u0131 buluyorum.&#8221;<\/p>\n\n\n\n<p class=\"wp-block-paragraph\">HANG\u0130 D\u0130Z\u0130N\u0130N M\u00dcZ\u0130\u011e\u0130N\u0130 YAPTIKLARINI B\u0130LE HATIRLAMADILAR!<\/p>\n\n\n\n<p class=\"wp-block-paragraph\">S\u00f6yle\u015finin e\u011flenceli anlar\u0131ndan biri de ikilinin ge\u00e7mi\u015fte sabahlara kadar \u00e7al\u0131\u015farak haz\u0131rlad\u0131klar\u0131 dizi m\u00fcziklerini yad etti\u011fi anlar oldu. Zekeriyak\u00f6y&#8217;deki evde sabah\u0131n ilk saatlerine kadar dizi m\u00fczikleri yapt\u0131klar\u0131n\u0131 anlatan ikili, uzun s\u00fcre bu dizinin ad\u0131n\u0131 hat\u0131rlamakta zorland\u0131.<\/p>\n\n\n\n<p class=\"wp-block-paragraph\">Oktay Kaynarca&#8217;n\u0131n, &#8220;Ulan kafamda hi\u00e7 bilmedi\u011fim bir melodiyle gidip \u0131sl\u0131k \u00e7al\u0131yordum, Murat da &#8216;\u00c7al bakal\u0131m.&#8217; deyip onu d\u00fczenliyordu. Ama hangi diziydi o?&#8221; s\u00f6zleri \u00fczerine haf\u0131zalar\u0131n\u0131 yoklayan ikili, sohbetin ilerleyen dakikalar\u0131nda sabahlara kadar m\u00fczik yapt\u0131klar\u0131 ve ad\u0131n\u0131 bir t\u00fcrl\u00fc hat\u0131rlayamad\u0131klar\u0131 projenin, Deniz Seki ve Yal\u00e7\u0131n D\u00fcmer&#8217;in de rol ald\u0131\u011f\u0131 &#8220;Can Dostum&#8221; dizisi oldu\u011funu hat\u0131rlad\u0131.<\/p>\n\n\n\n<p class=\"wp-block-paragraph\">33 y\u0131ll\u0131k dostlu\u011fun, bug\u00fcne kadar bilinmeyen ya\u015fam hik\u00e2yelerinin ve unutulmaz an\u0131lar\u0131n payla\u015f\u0131ld\u0131\u011f\u0131 bu \u00f6zel s\u00f6yle\u015finin tamam\u0131, Murat Yeter ve Sony Music T\u00fcrkiye YouTube kanallar\u0131nda izlenebilir.<\/p>\n\n\n\n<p class=\"wp-block-paragraph\"><\/p>\n","protected":false},"excerpt":{"rendered":"<p>KAMYON FABR\u0130KASINDAN KOVULAN J\u00d6N, EMEKL\u0130 \u0130KRAM\u0130YES\u0130YLE DAVUL ALINAN M\u00dcZ\u0130SYEN! T\u00fcrkiye&#8217;nin en \u00fcretken aranj\u00f6r, besteci ve davulcular\u0131ndan Murat Yeter, m\u00fczik tarihimize alt\u0131n harflerle yaz\u0131lacak ar\u015fiv niteli\u011findeki dev projesi &#8220;FOLK&#8221; ile dinleyiciye adeta bir hazine sunuyor. Alb\u00fcmde yer alan sanat\u00e7\u0131lar\u0131n Murat Yeter ile bug\u00fcne kadar bilinmeyen hikayelerini payla\u015ft\u0131klar\u0131 YouTube serisi de yay\u0131mlanmaya devam ediyor. Projenin dikkat \u00e7eken [&hellip;]<\/p>\n","protected":false},"author":3,"featured_media":4652,"comment_status":"open","ping_status":"open","sticky":false,"template":"","format":"standard","meta":{"footnotes":""},"categories":[11,45],"tags":[],"class_list":["post-4647","post","type-post","status-publish","format-standard","has-post-thumbnail","hentry","category-magazin-haberleri","category-manset"],"aioseo_notices":[],"_links":{"self":[{"href":"https:\/\/anhaber.net\/index.php?rest_route=\/wp\/v2\/posts\/4647","targetHints":{"allow":["GET"]}}],"collection":[{"href":"https:\/\/anhaber.net\/index.php?rest_route=\/wp\/v2\/posts"}],"about":[{"href":"https:\/\/anhaber.net\/index.php?rest_route=\/wp\/v2\/types\/post"}],"author":[{"embeddable":true,"href":"https:\/\/anhaber.net\/index.php?rest_route=\/wp\/v2\/users\/3"}],"replies":[{"embeddable":true,"href":"https:\/\/anhaber.net\/index.php?rest_route=%2Fwp%2Fv2%2Fcomments&post=4647"}],"version-history":[{"count":3,"href":"https:\/\/anhaber.net\/index.php?rest_route=\/wp\/v2\/posts\/4647\/revisions"}],"predecessor-version":[{"id":4655,"href":"https:\/\/anhaber.net\/index.php?rest_route=\/wp\/v2\/posts\/4647\/revisions\/4655"}],"wp:featuredmedia":[{"embeddable":true,"href":"https:\/\/anhaber.net\/index.php?rest_route=\/wp\/v2\/media\/4652"}],"wp:attachment":[{"href":"https:\/\/anhaber.net\/index.php?rest_route=%2Fwp%2Fv2%2Fmedia&parent=4647"}],"wp:term":[{"taxonomy":"category","embeddable":true,"href":"https:\/\/anhaber.net\/index.php?rest_route=%2Fwp%2Fv2%2Fcategories&post=4647"},{"taxonomy":"post_tag","embeddable":true,"href":"https:\/\/anhaber.net\/index.php?rest_route=%2Fwp%2Fv2%2Ftags&post=4647"}],"curies":[{"name":"wp","href":"https:\/\/api.w.org\/{rel}","templated":true}]}}