{"id":4641,"date":"2026-07-13T19:51:11","date_gmt":"2026-07-13T19:51:11","guid":{"rendered":"https:\/\/anhaber.net\/?p=4641"},"modified":"2026-07-13T19:51:12","modified_gmt":"2026-07-13T19:51:12","slug":"turkiye-kultur-yolu-festivali","status":"publish","type":"post","link":"https:\/\/anhaber.net\/?p=4641","title":{"rendered":"T\u00dcRK\u0130YE K\u00dcLT\u00dcR YOLU FEST\u0130VAL\u0130"},"content":{"rendered":"\n<p class=\"wp-block-paragraph\"><strong>KIRA\u00c7 KONSER \u00d6NCES\u0130 SAKARYA&#8217;NIN ISLAMA K\u00d6FTES\u0130N\u0130 TATTI<\/strong><\/p>\n\n\n\n<p class=\"wp-block-paragraph\"><strong>T\u00fcrkiye K\u00fclt\u00fcr Yolu Festivali kapsam\u0131nda d\u00fczenlenen Sakarya K\u00fclt\u00fcr Yolu Festivali&#8217;nin dokuzuncu g\u00fcn\u00fcnde sahne alan K\u0131ra\u00e7, yakla\u015f\u0131k 30 y\u0131l \u00f6nce tatt\u0131\u011f\u0131 ve unutamad\u0131\u011f\u0131 Sakarya&#8217;n\u0131n co\u011frafi i\u015faretli lezzeti \u0131slama k\u00f6fteyle festival kapsam\u0131nda yeniden bulu\u015ftu. Sevilen sanat\u00e7\u0131, y\u0131llar sonra yeniden deneyimledi\u011fi y\u00f6resel lezzete tam not verirken, g\u00fc\u00e7l\u00fc sahne performans\u0131 ve dillerden d\u00fc\u015fmeyen \u015fark\u0131lar\u0131yla festival izleyicilerine unutulmaz bir gece ya\u015fatt\u0131.<\/strong><\/p>\n\n\n\n<p class=\"wp-block-paragraph\">K\u0131ra\u00e7, Sakarya K\u00fclt\u00fcr Yolu Festivali kapsam\u0131nda Millet Bah\u00e7esi Etkinlik Alan\u0131&#8217;nda konser verdi. Konser \u00f6ncesinde sanat\u00e7\u0131ya Sakarya mutfa\u011f\u0131n\u0131n simge lezzetlerinden co\u011frafi i\u015faretli \u0131slama k\u00f6fte ikram edildi. Yakla\u015f\u0131k 30 y\u0131l \u00f6nce ilk kez tatt\u0131\u011f\u0131 \u0131slama k\u00f6fteyi \u00e7ok be\u011fendi\u011fini belirten K\u0131ra\u00e7, y\u0131llar sonra ayn\u0131 lezzetle yeniden bulu\u015fmaktan b\u00fcy\u00fck memnuniyet duydu\u011funu ifade etti. Sanat\u00e7\u0131, Sakarya mutfa\u011f\u0131n\u0131n k\u00f6kl\u00fc gastronomi k\u00fclt\u00fcr\u00fcn\u00fc \u00f6vg\u00fcyle de\u011ferlendirdi.<\/p>\n\n\n\n<figure class=\"wp-block-image size-large is-resized\"><img fetchpriority=\"high\" decoding=\"async\" width=\"1024\" height=\"683\" src=\"https:\/\/anhaber.net\/wp-content\/uploads\/2026\/07\/1783924105_00_SAKARYA_KYF_KIRA___KONSER__-1024x683.jpg\" alt=\"\" class=\"wp-image-4642\" style=\"aspect-ratio:1.5;width:447px;height:auto\" srcset=\"https:\/\/anhaber.net\/wp-content\/uploads\/2026\/07\/1783924105_00_SAKARYA_KYF_KIRA___KONSER__-1024x683.jpg 1024w, https:\/\/anhaber.net\/wp-content\/uploads\/2026\/07\/1783924105_00_SAKARYA_KYF_KIRA___KONSER__-300x200.jpg 300w, https:\/\/anhaber.net\/wp-content\/uploads\/2026\/07\/1783924105_00_SAKARYA_KYF_KIRA___KONSER__-768x512.jpg 768w, https:\/\/anhaber.net\/wp-content\/uploads\/2026\/07\/1783924105_00_SAKARYA_KYF_KIRA___KONSER__-1536x1024.jpg 1536w, https:\/\/anhaber.net\/wp-content\/uploads\/2026\/07\/1783924105_00_SAKARYA_KYF_KIRA___KONSER__-2048x1365.jpg 2048w\" sizes=\"(max-width: 1024px) 100vw, 1024px\" \/><\/figure>\n\n\n\n<p class=\"wp-block-paragraph\">Sahneye b\u00fcy\u00fck alk\u0131\u015flarla \u00e7\u0131kan K\u0131ra\u00e7, g\u00fc\u00e7l\u00fc yorumuyla festival alan\u0131n\u0131 dolduran m\u00fczikseverlere unutulmaz bir konser ya\u015fatt\u0131. Sanat\u00e7\u0131, sevilen eserleri &#8220;Zaman&#8221;, &#8220;Gidiyorum&#8221; ve &#8220;Endam\u0131n Yeter&#8221; ba\u015fta olmak \u00fczere geni\u015f repertuvar\u0131ndan se\u00e7ti\u011fi \u015fark\u0131lar\u0131 Sakaryal\u0131 hayranlar\u0131yla birlikte seslendirdi.<\/p>\n\n\n\n<figure class=\"wp-block-image size-large is-resized\"><img decoding=\"async\" width=\"1024\" height=\"683\" src=\"https:\/\/anhaber.net\/wp-content\/uploads\/2026\/07\/1783924108_SAKARYA_KYF_KIRA___KONSER____1_-1024x683.jpg\" alt=\"\" class=\"wp-image-4643\" style=\"aspect-ratio:1.5;width:541px;height:auto\" srcset=\"https:\/\/anhaber.net\/wp-content\/uploads\/2026\/07\/1783924108_SAKARYA_KYF_KIRA___KONSER____1_-1024x683.jpg 1024w, https:\/\/anhaber.net\/wp-content\/uploads\/2026\/07\/1783924108_SAKARYA_KYF_KIRA___KONSER____1_-300x200.jpg 300w, https:\/\/anhaber.net\/wp-content\/uploads\/2026\/07\/1783924108_SAKARYA_KYF_KIRA___KONSER____1_-768x512.jpg 768w, https:\/\/anhaber.net\/wp-content\/uploads\/2026\/07\/1783924108_SAKARYA_KYF_KIRA___KONSER____1_-1536x1024.jpg 1536w, https:\/\/anhaber.net\/wp-content\/uploads\/2026\/07\/1783924108_SAKARYA_KYF_KIRA___KONSER____1_-2048x1365.jpg 2048w\" sizes=\"(max-width: 1024px) 100vw, 1024px\" \/><\/figure>\n\n\n\n<p class=\"wp-block-paragraph\">Binlerce ki\u015finin kat\u0131ld\u0131\u011f\u0131 konserde festival alan\u0131n\u0131 dolduran m\u00fczikseverler, K\u0131ra\u00e7&#8217;\u0131n sevilen \u015fark\u0131lar\u0131na gece boyunca co\u015fkuyla e\u015flik etti. Festivalin son g\u00fcn\u00fcnde ger\u00e7ekle\u015fen konser, Sakarya K\u00fclt\u00fcr Yolu Festivali&#8217;ni m\u00fczik dolu bir ak\u015famla ta\u00e7land\u0131rd\u0131.<\/p>\n\n\n\n<p class=\"wp-block-paragraph\"><strong><em>Festival program\u0131 ve etkinliklere ili\u015fkin detayl\u0131 bilgilere, T\u00fcrkiye K\u00fclt\u00fcr Yolu Festivali resmi internet sitesi (<a href=\"https:\/\/kulturyolufestivali.com\/\" target=\"_blank\" rel=\"noreferrer noopener\">https:\/\/kulturyolufestivali.com\/<\/a>) ve Instagram hesab\u0131 @turkiye_kulturyolu \u00fczerinden ula\u015fabilirsiniz.<\/em><\/strong><\/p>\n\n\n\n<figure class=\"wp-block-image size-large is-resized\"><img decoding=\"async\" width=\"1024\" height=\"683\" src=\"https:\/\/anhaber.net\/wp-content\/uploads\/2026\/07\/1783924121_SAKARYA_KYF_KIRA___KONSER____8_-1024x683.jpg\" alt=\"\" class=\"wp-image-4644\" style=\"aspect-ratio:1.5;width:471px;height:auto\" srcset=\"https:\/\/anhaber.net\/wp-content\/uploads\/2026\/07\/1783924121_SAKARYA_KYF_KIRA___KONSER____8_-1024x683.jpg 1024w, https:\/\/anhaber.net\/wp-content\/uploads\/2026\/07\/1783924121_SAKARYA_KYF_KIRA___KONSER____8_-300x200.jpg 300w, https:\/\/anhaber.net\/wp-content\/uploads\/2026\/07\/1783924121_SAKARYA_KYF_KIRA___KONSER____8_-768x512.jpg 768w, https:\/\/anhaber.net\/wp-content\/uploads\/2026\/07\/1783924121_SAKARYA_KYF_KIRA___KONSER____8_-1536x1024.jpg 1536w, https:\/\/anhaber.net\/wp-content\/uploads\/2026\/07\/1783924121_SAKARYA_KYF_KIRA___KONSER____8_-2048x1365.jpg 2048w\" sizes=\"(max-width: 1024px) 100vw, 1024px\" \/><\/figure>\n\n\n\n<p class=\"wp-block-paragraph\"><\/p>\n","protected":false},"excerpt":{"rendered":"<p>KIRA\u00c7 KONSER \u00d6NCES\u0130 SAKARYA&#8217;NIN ISLAMA K\u00d6FTES\u0130N\u0130 TATTI T\u00fcrkiye K\u00fclt\u00fcr Yolu Festivali kapsam\u0131nda d\u00fczenlenen Sakarya K\u00fclt\u00fcr Yolu Festivali&#8217;nin dokuzuncu g\u00fcn\u00fcnde sahne alan K\u0131ra\u00e7, yakla\u015f\u0131k 30 y\u0131l \u00f6nce tatt\u0131\u011f\u0131 ve unutamad\u0131\u011f\u0131 Sakarya&#8217;n\u0131n co\u011frafi i\u015faretli lezzeti \u0131slama k\u00f6fteyle festival kapsam\u0131nda yeniden bulu\u015ftu. Sevilen sanat\u00e7\u0131, y\u0131llar sonra yeniden deneyimledi\u011fi y\u00f6resel lezzete tam not verirken, g\u00fc\u00e7l\u00fc sahne performans\u0131 ve dillerden [&hellip;]<\/p>\n","protected":false},"author":3,"featured_media":4645,"comment_status":"open","ping_status":"open","sticky":false,"template":"","format":"standard","meta":{"footnotes":""},"categories":[4,11,45,12],"tags":[],"class_list":["post-4641","post","type-post","status-publish","format-standard","has-post-thumbnail","hentry","category-kultur-haberleri","category-magazin-haberleri","category-manset","category-sanat-haberleri"],"aioseo_notices":[],"_links":{"self":[{"href":"https:\/\/anhaber.net\/index.php?rest_route=\/wp\/v2\/posts\/4641","targetHints":{"allow":["GET"]}}],"collection":[{"href":"https:\/\/anhaber.net\/index.php?rest_route=\/wp\/v2\/posts"}],"about":[{"href":"https:\/\/anhaber.net\/index.php?rest_route=\/wp\/v2\/types\/post"}],"author":[{"embeddable":true,"href":"https:\/\/anhaber.net\/index.php?rest_route=\/wp\/v2\/users\/3"}],"replies":[{"embeddable":true,"href":"https:\/\/anhaber.net\/index.php?rest_route=%2Fwp%2Fv2%2Fcomments&post=4641"}],"version-history":[{"count":1,"href":"https:\/\/anhaber.net\/index.php?rest_route=\/wp\/v2\/posts\/4641\/revisions"}],"predecessor-version":[{"id":4646,"href":"https:\/\/anhaber.net\/index.php?rest_route=\/wp\/v2\/posts\/4641\/revisions\/4646"}],"wp:featuredmedia":[{"embeddable":true,"href":"https:\/\/anhaber.net\/index.php?rest_route=\/wp\/v2\/media\/4645"}],"wp:attachment":[{"href":"https:\/\/anhaber.net\/index.php?rest_route=%2Fwp%2Fv2%2Fmedia&parent=4641"}],"wp:term":[{"taxonomy":"category","embeddable":true,"href":"https:\/\/anhaber.net\/index.php?rest_route=%2Fwp%2Fv2%2Fcategories&post=4641"},{"taxonomy":"post_tag","embeddable":true,"href":"https:\/\/anhaber.net\/index.php?rest_route=%2Fwp%2Fv2%2Ftags&post=4641"}],"curies":[{"name":"wp","href":"https:\/\/api.w.org\/{rel}","templated":true}]}}