{"id":4636,"date":"2026-07-09T19:01:57","date_gmt":"2026-07-09T19:01:57","guid":{"rendered":"https:\/\/anhaber.net\/?p=4636"},"modified":"2026-07-09T19:03:13","modified_gmt":"2026-07-09T19:03:13","slug":"gokhan-turkmenin-yeni-projesi-denkin-ilk-sarkisi-yandim-10-temmuzda-gtr-muzikte-yayinda","status":"publish","type":"post","link":"https:\/\/anhaber.net\/?p=4636","title":{"rendered":"G\u00f6khan T\u00fcrkmen\u2019in Yeni Projesi \u201cDenk\u201din \u0130lk \u015eark\u0131s\u0131 \u201cYand\u0131m\u201d 10 Temmuz\u2019da GTR M\u00fczik\u2019te Yay\u0131nda!"},"content":{"rendered":"\n<p class=\"wp-block-paragraph\">T\u00fcrk pop m\u00fczi\u011finin sevilen isimlerinden G\u00f6khan T\u00fcrkmen, dinleyicilerini bu kez kendi m\u00fczikal yolculu\u011funun izlerini ta\u015f\u0131yan \u00f6zel bir projeyle bulu\u015fturuyor. \u201cDenk\u201d ad\u0131n\u0131 ta\u015f\u0131yan dokuz \u015fark\u0131l\u0131k cover projesi, sanat\u00e7\u0131n\u0131n y\u0131llar boyunca dinlemeyi, s\u00f6ylemeyi ve kendine yak\u0131n hissetmeyi s\u00fcrd\u00fcrd\u00fc\u011f\u00fc eserlerden olu\u015fuyor.<\/p>\n\n\n\n<p class=\"wp-block-paragraph\">Projenin ilk \u015fark\u0131s\u0131 olan&nbsp;<strong>\u201cYand\u0131m\u201d<\/strong>, 10 Temmuz\u2019da GTR M\u00fczik etiketiyle t\u00fcm dijital platformlarda yay\u0131nlanacak. S\u00f6z ve m\u00fczi\u011fi Mazhar Alanson\u2019a ait olan eser, G\u00f6khan T\u00fcrkmen\u2019in yorumuyla yeniden hayat buluyor. \u015eark\u0131n\u0131n d\u00fczenlemesi Serkan \u00d6l\u00e7er imzas\u0131 ta\u015f\u0131rken, klibin y\u00f6netmen koltu\u011funda ise Serhat Y\u0131lmaz oturuyor.<\/p>\n\n\n\n<p class=\"wp-block-paragraph\">G\u00f6khan T\u00fcrkmen, projeyle ilgili d\u00fc\u015f\u00fcncelerini \u015fu s\u00f6zlerle ifade ediyor:<\/p>\n\n\n\n<p class=\"wp-block-paragraph\">\u201cYand\u0131m benim \u00e7ok de\u011fer verdi\u011fim, duygusu y\u0131llara meydan okuyan bir \u015fark\u0131. Bu eseri yeniden yorumlarken ruhuna sad\u0131k kalmaya ve kendi m\u00fczikal dokunu\u015fumu katmaya \u00f6zen g\u00f6sterdim. Serkan \u00d6l\u00e7er\u2019in d\u00fczenlemesiyle \u015fark\u0131ya daha g\u00fcncel bir atmosfer kazand\u0131rd\u0131k. Umar\u0131m hem eserin y\u0131llard\u0131r sevenlerine hem de yeni dinleyicilere dokunabilmi\u015fizdir.\u201d<\/p>\n\n\n\n<p class=\"wp-block-paragraph\">\u201cDenk\u201d projesini farkl\u0131 ve \u00f6zel k\u0131lan unsurlardan biri ise g\u00f6rsel anlat\u0131m d\u00fcnyas\u0131. Projede yer alan dokuz \u015fark\u0131n\u0131n her biri i\u00e7in haz\u0131rlanan klipler, tek bir hik\u00e2ye evreninde birle\u015fiyor. Dokuz b\u00f6l\u00fcmden olu\u015fan bu m\u00fczikal seri, her yeni kliple birlikte izleyiciyi hik\u00e2yenin bir sonraki perdesine ta\u015f\u0131yacak.<\/p>\n\n\n\n<figure class=\"wp-block-image size-large\"><img fetchpriority=\"high\" decoding=\"async\" width=\"1024\" height=\"1024\" src=\"https:\/\/anhaber.net\/wp-content\/uploads\/2026\/07\/GOKHAN-TURKMEN2-1-1024x1024.jpg\" alt=\"\" class=\"wp-image-4637\" srcset=\"https:\/\/anhaber.net\/wp-content\/uploads\/2026\/07\/GOKHAN-TURKMEN2-1-1024x1024.jpg 1024w, https:\/\/anhaber.net\/wp-content\/uploads\/2026\/07\/GOKHAN-TURKMEN2-1-300x300.jpg 300w, https:\/\/anhaber.net\/wp-content\/uploads\/2026\/07\/GOKHAN-TURKMEN2-1-150x150.jpg 150w, https:\/\/anhaber.net\/wp-content\/uploads\/2026\/07\/GOKHAN-TURKMEN2-1-768x768.jpg 768w, https:\/\/anhaber.net\/wp-content\/uploads\/2026\/07\/GOKHAN-TURKMEN2-1-1536x1536.jpg 1536w, https:\/\/anhaber.net\/wp-content\/uploads\/2026\/07\/GOKHAN-TURKMEN2-1-2048x2048.jpg 2048w, https:\/\/anhaber.net\/wp-content\/uploads\/2026\/07\/GOKHAN-TURKMEN2-1-96x96.jpg 96w\" sizes=\"(max-width: 1024px) 100vw, 1024px\" \/><\/figure>\n\n\n\n<p class=\"wp-block-paragraph\">M\u00fczikal ge\u00e7mi\u015fiyle bug\u00fcn\u00fcn\u00fc bulu\u015fturan \u201cDenk\u201d, G\u00f6khan T\u00fcrkmen\u2019in sanat yolculu\u011funa farkl\u0131 bir perspektiften \u0131\u015f\u0131k tutarken, T\u00fcrk m\u00fczi\u011finin unutulmaz eserlerini yeni nesil dinleyicilerle bulu\u015fturmay\u0131 hedefliyor.<\/p>\n\n\n\n<p class=\"wp-block-paragraph\"><strong>\u201cYand\u0131m\u201d<\/strong>, 10 Temmuz itibar\u0131yla t\u00fcm dijital m\u00fczik platformlar\u0131nda yay\u0131nda olacak.<\/p>\n","protected":false},"excerpt":{"rendered":"<p>T\u00fcrk pop m\u00fczi\u011finin sevilen isimlerinden G\u00f6khan T\u00fcrkmen, dinleyicilerini bu kez kendi m\u00fczikal yolculu\u011funun izlerini ta\u015f\u0131yan \u00f6zel bir projeyle bulu\u015fturuyor. \u201cDenk\u201d ad\u0131n\u0131 ta\u015f\u0131yan dokuz \u015fark\u0131l\u0131k cover projesi, sanat\u00e7\u0131n\u0131n y\u0131llar boyunca dinlemeyi, s\u00f6ylemeyi ve kendine yak\u0131n hissetmeyi s\u00fcrd\u00fcrd\u00fc\u011f\u00fc eserlerden olu\u015fuyor. Projenin ilk \u015fark\u0131s\u0131 olan&nbsp;\u201cYand\u0131m\u201d, 10 Temmuz\u2019da GTR M\u00fczik etiketiyle t\u00fcm dijital platformlarda yay\u0131nlanacak. S\u00f6z ve m\u00fczi\u011fi Mazhar [&hellip;]<\/p>\n","protected":false},"author":3,"featured_media":4638,"comment_status":"open","ping_status":"open","sticky":false,"template":"","format":"standard","meta":{"footnotes":""},"categories":[11,45,12],"tags":[],"class_list":["post-4636","post","type-post","status-publish","format-standard","has-post-thumbnail","hentry","category-magazin-haberleri","category-manset","category-sanat-haberleri"],"aioseo_notices":[],"_links":{"self":[{"href":"https:\/\/anhaber.net\/index.php?rest_route=\/wp\/v2\/posts\/4636","targetHints":{"allow":["GET"]}}],"collection":[{"href":"https:\/\/anhaber.net\/index.php?rest_route=\/wp\/v2\/posts"}],"about":[{"href":"https:\/\/anhaber.net\/index.php?rest_route=\/wp\/v2\/types\/post"}],"author":[{"embeddable":true,"href":"https:\/\/anhaber.net\/index.php?rest_route=\/wp\/v2\/users\/3"}],"replies":[{"embeddable":true,"href":"https:\/\/anhaber.net\/index.php?rest_route=%2Fwp%2Fv2%2Fcomments&post=4636"}],"version-history":[{"count":1,"href":"https:\/\/anhaber.net\/index.php?rest_route=\/wp\/v2\/posts\/4636\/revisions"}],"predecessor-version":[{"id":4639,"href":"https:\/\/anhaber.net\/index.php?rest_route=\/wp\/v2\/posts\/4636\/revisions\/4639"}],"wp:featuredmedia":[{"embeddable":true,"href":"https:\/\/anhaber.net\/index.php?rest_route=\/wp\/v2\/media\/4638"}],"wp:attachment":[{"href":"https:\/\/anhaber.net\/index.php?rest_route=%2Fwp%2Fv2%2Fmedia&parent=4636"}],"wp:term":[{"taxonomy":"category","embeddable":true,"href":"https:\/\/anhaber.net\/index.php?rest_route=%2Fwp%2Fv2%2Fcategories&post=4636"},{"taxonomy":"post_tag","embeddable":true,"href":"https:\/\/anhaber.net\/index.php?rest_route=%2Fwp%2Fv2%2Ftags&post=4636"}],"curies":[{"name":"wp","href":"https:\/\/api.w.org\/{rel}","templated":true}]}}