{"id":4628,"date":"2026-06-30T19:44:53","date_gmt":"2026-06-30T19:44:53","guid":{"rendered":"https:\/\/anhaber.net\/?p=4628"},"modified":"2026-06-30T19:44:53","modified_gmt":"2026-06-30T19:44:53","slug":"bilgi-virginia-woolf-kiyilar-arasinda-yankilar-sergisine-ev-sahipligi-yapiyor","status":"publish","type":"post","link":"https:\/\/anhaber.net\/?p=4628","title":{"rendered":"B\u0130LG\u0130, \u2018Virginia Woolf: K\u0131y\u0131lar Aras\u0131nda Yank\u0131lar\u2019 sergisine ev sahipli\u011fi yap\u0131yor."},"content":{"rendered":"\n<p class=\"wp-block-paragraph\"><strong>\u0130stanbul Bilgi \u00dcniversitesi ev sahipli\u011finde ger\u00e7ekle\u015ftirilen 35. Uluslararas\u0131 Virginia Woolf Konferans\u0131 kapsam\u0131nda haz\u0131rlanan \u2018Virginia Woolf:<\/strong>&nbsp;<strong>K\u0131y\u0131lar Aras\u0131nda Yank\u0131lar\u2019 sergisi Enerji M\u00fczesi\u2019nde ziyaret\u00e7ilerine kap\u0131lar\u0131n\u0131 a\u00e7t\u0131. \u00c7a\u011fda\u015f sanat\u0131n farkl\u0131 ifade bi\u00e7imlerini Virginia Woolf\u2019un edebi d\u00fcnyas\u0131yla bulu\u015fturan sergi, ses, haf\u0131za ve mek\u00e2n ekseninde kurgulad\u0131\u011f\u0131 disiplinleraras\u0131 yakla\u015f\u0131m\u0131yla Woolf\u2019un eserlerini \u0130stanbul\u2019un k\u00fclt\u00fcrel ve duyusal atmosferinde yeniden ele al\u0131yor.<\/strong><\/p>\n\n\n\n<p class=\"wp-block-paragraph\">\u0130stanbul Bilgi \u00dcniversitesi ev sahipli\u011finde ger\u00e7ekle\u015ftirilen 35. Uluslararas\u0131 Virginia Woolf Konferans\u0131 kapsam\u0131nda haz\u0131rlanan &#8220;Virginia Woolf: K\u0131y\u0131lar Aras\u0131nda Yank\u0131lar (Echoes Across Shores)&#8221; sergisi&nbsp;<strong>santral<\/strong>istanbul Kamp\u00fcs\u00fc Enerji M\u00fczesi\u2019nde ziyaret\u00e7ilerine kap\u0131lar\u0131n\u0131 a\u00e7t\u0131. \u00c7a\u011fda\u015f sanat\u0131n farkl\u0131 ifade bi\u00e7imlerini Virginia Woolf&#8217;un edebi d\u00fcnyas\u0131yla bulu\u015fturan sergi, ses, haf\u0131za ve mek\u00e2n ekseninde kurgulad\u0131\u011f\u0131 disiplinleraras\u0131 yakla\u015f\u0131m\u0131yla yazar\u0131n eserlerini \u0130stanbul&#8217;un k\u00fclt\u00fcrel ve duyusal atmosferiyle yeniden d\u00fc\u015f\u00fcnmeye davet ediyor.<\/p>\n\n\n\n<figure class=\"wp-block-image size-large is-resized\"><img fetchpriority=\"high\" decoding=\"async\" width=\"1024\" height=\"768\" src=\"https:\/\/anhaber.net\/wp-content\/uploads\/2026\/06\/1782808004_Virginia_Woolf_K__y__lar_Aras__nda_Yank__lar__5_-1024x768.jpeg\" alt=\"\" class=\"wp-image-4629\" style=\"width:438px;height:auto\" srcset=\"https:\/\/anhaber.net\/wp-content\/uploads\/2026\/06\/1782808004_Virginia_Woolf_K__y__lar_Aras__nda_Yank__lar__5_-1024x768.jpeg 1024w, https:\/\/anhaber.net\/wp-content\/uploads\/2026\/06\/1782808004_Virginia_Woolf_K__y__lar_Aras__nda_Yank__lar__5_-300x225.jpeg 300w, https:\/\/anhaber.net\/wp-content\/uploads\/2026\/06\/1782808004_Virginia_Woolf_K__y__lar_Aras__nda_Yank__lar__5_-768x576.jpeg 768w, https:\/\/anhaber.net\/wp-content\/uploads\/2026\/06\/1782808004_Virginia_Woolf_K__y__lar_Aras__nda_Yank__lar__5_-1536x1152.jpeg 1536w, https:\/\/anhaber.net\/wp-content\/uploads\/2026\/06\/1782808004_Virginia_Woolf_K__y__lar_Aras__nda_Yank__lar__5_-2048x1536.jpeg 2048w\" sizes=\"(max-width: 1024px) 100vw, 1024px\" \/><\/figure>\n\n\n\n<p class=\"wp-block-paragraph\">Bu y\u0131l &#8220;Virginia Woolf ve Ses&#8221; temas\u0131 etraf\u0131nda \u015fekillenen sergi, Woolf&#8217;un eserlerinde \u00f6ne \u00e7\u0131kan ses, sessizlik, haf\u0131za, mek\u00e2n ve duyusal deneyim kavramlar\u0131n\u0131 \u00e7a\u011fda\u015f sanat\u0131n farkl\u0131 ifade bi\u00e7imleriyle yeniden yorumluyor.<\/p>\n\n\n\n<p class=\"wp-block-paragraph\"><strong>Sergide 13 sanat\u00e7\u0131n\u0131n eserleri yer al\u0131yor<\/strong><\/p>\n\n\n\n<p class=\"wp-block-paragraph\">K\u00fcrat\u00f6rl\u00fc\u011f\u00fcn\u00fc Demet Karabulut Dede, Levent T\u00f6k\u00fcn ve Derya Say\u0131n&#8217;\u0131n \u00fcstlendi\u011fi sergide; Ay\u015fe Orhon, Bengisu Bayrak, Eda \u00c7ekil, G\u00fcls\u00fcn Orhon, Hasan Nazif Y\u0131lmaz, \u0130rem G\u00fcngez, Mesrure Melis Bilgin Koen, Naz I\u015f\u0131ksoy, \u00d6zlem \u0130\u015fbilir, Paola Giorgi, Rebecca Wood, Sinan Aruser ve Zeynep Abac\u0131&#8217;n\u0131n eserleri yer al\u0131yor.&nbsp;<\/p>\n\n\n\n<figure class=\"wp-block-image size-large is-resized\"><img decoding=\"async\" width=\"1024\" height=\"768\" src=\"https:\/\/anhaber.net\/wp-content\/uploads\/2026\/06\/1782808004_Virginia_Woolf_K__y__lar_Aras__nda_Yank__lar__4_-1024x768.jpeg\" alt=\"\" class=\"wp-image-4630\" style=\"width:465px;height:auto\" srcset=\"https:\/\/anhaber.net\/wp-content\/uploads\/2026\/06\/1782808004_Virginia_Woolf_K__y__lar_Aras__nda_Yank__lar__4_-1024x768.jpeg 1024w, https:\/\/anhaber.net\/wp-content\/uploads\/2026\/06\/1782808004_Virginia_Woolf_K__y__lar_Aras__nda_Yank__lar__4_-300x225.jpeg 300w, https:\/\/anhaber.net\/wp-content\/uploads\/2026\/06\/1782808004_Virginia_Woolf_K__y__lar_Aras__nda_Yank__lar__4_-768x576.jpeg 768w, https:\/\/anhaber.net\/wp-content\/uploads\/2026\/06\/1782808004_Virginia_Woolf_K__y__lar_Aras__nda_Yank__lar__4_-1536x1152.jpeg 1536w, https:\/\/anhaber.net\/wp-content\/uploads\/2026\/06\/1782808004_Virginia_Woolf_K__y__lar_Aras__nda_Yank__lar__4_-2048x1536.jpeg 2048w\" sizes=\"(max-width: 1024px) 100vw, 1024px\" \/><\/figure>\n\n\n\n<p class=\"wp-block-paragraph\">\u0130stanbul&#8217;un kendine \u00f6zg\u00fc ses peyzaj\u0131ndan ilham alan sergi, Woolf&#8217;un metinlerini yaln\u0131zca okunacak eserler olarak de\u011fil; g\u00f6r\u00fclebilen, duyulabilen ve deneyimlenebilen anlat\u0131lar olarak ele al\u0131yor. Metin ile mek\u00e2n, sessizlik ile yank\u0131, bireysel deneyim ile kolektif haf\u0131za aras\u0131ndaki ili\u015fkiyi oda\u011f\u0131na alan sergi, Virginia Woolf&#8217;un edebiyat\u0131n\u0131n farkl\u0131 co\u011frafya ve k\u00fclt\u00fcrlerde yeniden yank\u0131lan\u0131\u015f\u0131na dikkat \u00e7ekiyor.<\/p>\n\n\n\n<p class=\"wp-block-paragraph\">&#8220;Virginia Woolf: K\u0131y\u0131lar Aras\u0131nda Yank\u0131lar&#8221; sergisi, \u0130stanbul Bilgi \u00dcniversitesi&nbsp;<strong>santral<\/strong>istanbul Kamp\u00fcs\u00fc Enerji M\u00fczesi&#8217;nde 24 Temmuz 2026 tarihine kadar ziyaret edilebilir.<\/p>\n\n\n\n<figure class=\"wp-block-image size-large is-resized\"><img decoding=\"async\" width=\"1024\" height=\"768\" src=\"https:\/\/anhaber.net\/wp-content\/uploads\/2026\/06\/1782808003_Virginia_Woolf_K__y__lar_Aras__nda_Yank__lar__3_-1024x768.jpeg\" alt=\"\" class=\"wp-image-4631\" style=\"aspect-ratio:1.3334325470645136;width:486px;height:auto\" srcset=\"https:\/\/anhaber.net\/wp-content\/uploads\/2026\/06\/1782808003_Virginia_Woolf_K__y__lar_Aras__nda_Yank__lar__3_-1024x768.jpeg 1024w, https:\/\/anhaber.net\/wp-content\/uploads\/2026\/06\/1782808003_Virginia_Woolf_K__y__lar_Aras__nda_Yank__lar__3_-300x225.jpeg 300w, https:\/\/anhaber.net\/wp-content\/uploads\/2026\/06\/1782808003_Virginia_Woolf_K__y__lar_Aras__nda_Yank__lar__3_-768x576.jpeg 768w, https:\/\/anhaber.net\/wp-content\/uploads\/2026\/06\/1782808003_Virginia_Woolf_K__y__lar_Aras__nda_Yank__lar__3_-1536x1152.jpeg 1536w, https:\/\/anhaber.net\/wp-content\/uploads\/2026\/06\/1782808003_Virginia_Woolf_K__y__lar_Aras__nda_Yank__lar__3_-2048x1536.jpeg 2048w\" sizes=\"(max-width: 1024px) 100vw, 1024px\" \/><\/figure>\n\n\n\n<figure class=\"wp-block-image size-large is-resized\"><img loading=\"lazy\" decoding=\"async\" width=\"1024\" height=\"768\" src=\"https:\/\/anhaber.net\/wp-content\/uploads\/2026\/06\/1782808002_Virginia_Woolf_K__y__lar_Aras__nda_Yank__lar__2_-1024x768.jpeg\" alt=\"\" class=\"wp-image-4632\" style=\"width:485px;height:auto\" srcset=\"https:\/\/anhaber.net\/wp-content\/uploads\/2026\/06\/1782808002_Virginia_Woolf_K__y__lar_Aras__nda_Yank__lar__2_-1024x768.jpeg 1024w, https:\/\/anhaber.net\/wp-content\/uploads\/2026\/06\/1782808002_Virginia_Woolf_K__y__lar_Aras__nda_Yank__lar__2_-300x225.jpeg 300w, https:\/\/anhaber.net\/wp-content\/uploads\/2026\/06\/1782808002_Virginia_Woolf_K__y__lar_Aras__nda_Yank__lar__2_-768x576.jpeg 768w, https:\/\/anhaber.net\/wp-content\/uploads\/2026\/06\/1782808002_Virginia_Woolf_K__y__lar_Aras__nda_Yank__lar__2_-1536x1152.jpeg 1536w, https:\/\/anhaber.net\/wp-content\/uploads\/2026\/06\/1782808002_Virginia_Woolf_K__y__lar_Aras__nda_Yank__lar__2_-2048x1536.jpeg 2048w\" sizes=\"(max-width: 1024px) 100vw, 1024px\" \/><\/figure>\n\n\n\n<p class=\"wp-block-paragraph\"><strong>\u0130stanbul Bilgi \u00dcniversitesi Hakk\u0131nda:&nbsp;<\/strong><\/p>\n\n\n\n<p class=\"wp-block-paragraph\">\u0130stanbul Bilgi \u00dcniversitesi, 1996 y\u0131l\u0131nda \u201cOkul i\u00e7in de\u011fil, ya\u015fam i\u00e7in \u00f6\u011frenmeli\u201d mottosuyla T\u00fcrkiye\u2019de \u00fcniversite ya\u015fam\u0131na yeni bir soluk getirmek amac\u0131yla kurulmu\u015ftur. Bug\u00fcn 20.000&#8217;in \u00fczerinde \u00f6\u011frencisi ve 70.000\u2019i a\u015fk\u0131n mezunu bulunmaktad\u0131r. \u0130stanbul Bilgi \u00dcniversitesi, Hukuk, \u0130leti\u015fim, \u0130\u015fletme, Mimarl\u0131k, M\u00fchendislik ve Do\u011fa Bilimleri, Uygulamal\u0131 Bilimler, Sa\u011fl\u0131k Bilimleri ile Sosyal ve Be\u015fer\u00ee Bilimler fak\u00fcltelerinin yan\u0131 s\u0131ra Bili\u015fim Teknolojisi Y\u00fcksekokulu, Sa\u011fl\u0131k Hizmetleri Meslek Y\u00fcksekokulu, Meslek Y\u00fcksekokulu, Lisans\u00fcst\u00fc Programlar Enstit\u00fcs\u00fc, Avrupa Birli\u011fi Enstit\u00fcs\u00fc ve Bili\u015fim ve Teknoloji Hukuku Enstit\u00fcs\u00fc \u00e7at\u0131s\u0131 alt\u0131nda 150\u2019yi a\u015fk\u0131n \u00f6nlisans, lisans ve lisans\u00fcst\u00fc program sunmaktad\u0131r. \u00dcniversitenin \u0130stanbul\u2019un merkezinde,&nbsp;<strong>santral<\/strong>istanbul, Dolapdere ve Ku\u015ftepe olmak \u00fczere \u00fc\u00e7 kamp\u00fcs\u00fc bulunmaktad\u0131r. \u0130stanbul Bilgi \u00dcniversitesi hakk\u0131nda ayr\u0131nt\u0131l\u0131 bilgiye&nbsp;<a href=\"http:\/\/www.bilgi.edu.tr\/\" target=\"_blank\" rel=\"noreferrer noopener\">www.bilgi.edu.tr<\/a>&nbsp;adresinden ula\u015f\u0131labilir.<\/p>\n","protected":false},"excerpt":{"rendered":"<p>\u0130stanbul Bilgi \u00dcniversitesi ev sahipli\u011finde ger\u00e7ekle\u015ftirilen 35. Uluslararas\u0131 Virginia Woolf Konferans\u0131 kapsam\u0131nda haz\u0131rlanan \u2018Virginia Woolf:&nbsp;K\u0131y\u0131lar Aras\u0131nda Yank\u0131lar\u2019 sergisi Enerji M\u00fczesi\u2019nde ziyaret\u00e7ilerine kap\u0131lar\u0131n\u0131 a\u00e7t\u0131. \u00c7a\u011fda\u015f sanat\u0131n farkl\u0131 ifade bi\u00e7imlerini Virginia Woolf\u2019un edebi d\u00fcnyas\u0131yla bulu\u015fturan sergi, ses, haf\u0131za ve mek\u00e2n ekseninde kurgulad\u0131\u011f\u0131 disiplinleraras\u0131 yakla\u015f\u0131m\u0131yla Woolf\u2019un eserlerini \u0130stanbul\u2019un k\u00fclt\u00fcrel ve duyusal atmosferinde yeniden ele al\u0131yor. \u0130stanbul Bilgi \u00dcniversitesi [&hellip;]<\/p>\n","protected":false},"author":3,"featured_media":4633,"comment_status":"open","ping_status":"open","sticky":false,"template":"","format":"standard","meta":{"footnotes":""},"categories":[4,45,12],"tags":[],"class_list":["post-4628","post","type-post","status-publish","format-standard","has-post-thumbnail","hentry","category-kultur-haberleri","category-manset","category-sanat-haberleri"],"aioseo_notices":[],"_links":{"self":[{"href":"https:\/\/anhaber.net\/index.php?rest_route=\/wp\/v2\/posts\/4628","targetHints":{"allow":["GET"]}}],"collection":[{"href":"https:\/\/anhaber.net\/index.php?rest_route=\/wp\/v2\/posts"}],"about":[{"href":"https:\/\/anhaber.net\/index.php?rest_route=\/wp\/v2\/types\/post"}],"author":[{"embeddable":true,"href":"https:\/\/anhaber.net\/index.php?rest_route=\/wp\/v2\/users\/3"}],"replies":[{"embeddable":true,"href":"https:\/\/anhaber.net\/index.php?rest_route=%2Fwp%2Fv2%2Fcomments&post=4628"}],"version-history":[{"count":1,"href":"https:\/\/anhaber.net\/index.php?rest_route=\/wp\/v2\/posts\/4628\/revisions"}],"predecessor-version":[{"id":4634,"href":"https:\/\/anhaber.net\/index.php?rest_route=\/wp\/v2\/posts\/4628\/revisions\/4634"}],"wp:featuredmedia":[{"embeddable":true,"href":"https:\/\/anhaber.net\/index.php?rest_route=\/wp\/v2\/media\/4633"}],"wp:attachment":[{"href":"https:\/\/anhaber.net\/index.php?rest_route=%2Fwp%2Fv2%2Fmedia&parent=4628"}],"wp:term":[{"taxonomy":"category","embeddable":true,"href":"https:\/\/anhaber.net\/index.php?rest_route=%2Fwp%2Fv2%2Fcategories&post=4628"},{"taxonomy":"post_tag","embeddable":true,"href":"https:\/\/anhaber.net\/index.php?rest_route=%2Fwp%2Fv2%2Ftags&post=4628"}],"curies":[{"name":"wp","href":"https:\/\/api.w.org\/{rel}","templated":true}]}}