{"id":4619,"date":"2026-06-30T19:35:51","date_gmt":"2026-06-30T19:35:51","guid":{"rendered":"https:\/\/anhaber.net\/?p=4619"},"modified":"2026-06-30T19:35:52","modified_gmt":"2026-06-30T19:35:52","slug":"milli-dag-bisikletcisi-ekin-erekeden-uluslararasi-gebze-mtb-cupta-cifte-podyum","status":"publish","type":"post","link":"https:\/\/anhaber.net\/?p=4619","title":{"rendered":"Milli Da\u011f Bisiklet\u00e7isi Ekin Ereke\u2019den Uluslararas\u0131 Gebze MTB Cup\u2019ta \u00c7ifte Podyum"},"content":{"rendered":"\n<p class=\"wp-block-paragraph\"><strong>Team Akfen \u0130n\u015faat\u2019\u0131n destekledi\u011fi milli da\u011f bisiklet\u00e7isi Ekin Ereke, Kocaeli\u2019nin Gebze il\u00e7esinde d\u00fczenlenen Uluslararas\u0131 Gebze MTB Cup\u2019ta iki farkl\u0131 disiplinde podyuma \u00e7\u0131karak \u00f6nemli bir ba\u015far\u0131ya imza att\u0131.<\/strong><\/p>\n\n\n\n<p class=\"wp-block-paragraph\"><strong>Akfen \u0130n\u015faat\u2019\u0131n gen\u00e7 ve milli sporcular\u0131n geli\u015fimini desteklemek amac\u0131yla hayata ge\u00e7irdi\u011fi Team Akfen \u0130n\u015faat&nbsp;<\/strong>projesi kapsam\u0131nda desteklenen&nbsp;<strong>milli da\u011f bisiklet\u00e7isi Ekin Ereke<\/strong>, uluslararas\u0131 arenadaki ba\u015far\u0131l\u0131 performans\u0131na bir yenisini daha ekledi.<\/p>\n\n\n\n<figure class=\"wp-block-image size-large is-resized\"><img fetchpriority=\"high\" decoding=\"async\" width=\"1024\" height=\"768\" src=\"https:\/\/anhaber.net\/wp-content\/uploads\/2026\/06\/1782815756_Ekin_Ereke-1024x768.jpeg\" alt=\"\" class=\"wp-image-4622\" style=\"width:364px;height:auto\" srcset=\"https:\/\/anhaber.net\/wp-content\/uploads\/2026\/06\/1782815756_Ekin_Ereke-1024x768.jpeg 1024w, https:\/\/anhaber.net\/wp-content\/uploads\/2026\/06\/1782815756_Ekin_Ereke-300x225.jpeg 300w, https:\/\/anhaber.net\/wp-content\/uploads\/2026\/06\/1782815756_Ekin_Ereke-768x576.jpeg 768w, https:\/\/anhaber.net\/wp-content\/uploads\/2026\/06\/1782815756_Ekin_Ereke-1536x1152.jpeg 1536w, https:\/\/anhaber.net\/wp-content\/uploads\/2026\/06\/1782815756_Ekin_Ereke.jpeg 1600w\" sizes=\"(max-width: 1024px) 100vw, 1024px\" \/><\/figure>\n\n\n\n<p class=\"wp-block-paragraph\"><strong>Kocaeli\u2019nin Gebze il\u00e7esinde d\u00fczenlenen Uluslararas\u0131 Gebze MTB Cup\u2019ta m\u00fccadele eden Ekin Ereke<\/strong>, da\u011f bisikletinin hem h\u0131z hem de dayan\u0131kl\u0131l\u0131k gerektiren iki farkl\u0131 disiplininde yar\u0131\u015farak hafta sonunu&nbsp;<strong>iki podyum derecesiyle<\/strong>&nbsp;tamamlad\u0131.<\/p>\n\n\n\n\n\n<figure class=\"wp-block-image size-large is-resized\"><img decoding=\"async\" width=\"768\" height=\"1024\" src=\"https:\/\/anhaber.net\/wp-content\/uploads\/2026\/06\/1782815756_Ekin_Ereke__4_-768x1024.jpeg\" alt=\"\" class=\"wp-image-4620\" style=\"aspect-ratio:0.7500072160484919;width:406px;height:auto\" srcset=\"https:\/\/anhaber.net\/wp-content\/uploads\/2026\/06\/1782815756_Ekin_Ereke__4_-768x1024.jpeg 768w, https:\/\/anhaber.net\/wp-content\/uploads\/2026\/06\/1782815756_Ekin_Ereke__4_-225x300.jpeg 225w, https:\/\/anhaber.net\/wp-content\/uploads\/2026\/06\/1782815756_Ekin_Ereke__4_-1152x1536.jpeg 1152w, https:\/\/anhaber.net\/wp-content\/uploads\/2026\/06\/1782815756_Ekin_Ereke__4_.jpeg 1200w\" sizes=\"(max-width: 768px) 100vw, 768px\" \/><\/figure>\n\n\n\n<p class=\"wp-block-paragraph\">Zorlu parkurda g\u00fc\u00e7l\u00fc rakipleriyle m\u00fccadele eden&nbsp;<strong>Ereke, XCC Short Track \/ K\u0131sa Parkur Yar\u0131\u015f\u0131 Elite Kad\u0131nlar kategorisinde 2. olarak k\u00fcrs\u00fcye \u00e7\u0131karken; XCO Cross-Country Olympic \/ Uzun Parkur Elite Kad\u0131nlar kategorisinde ise 3.l\u00fck&nbsp;<\/strong>elde etti.<\/p>\n\n\n\n<p class=\"wp-block-paragraph\">&nbsp;Ekin Ereke, k\u0131sa parkurda sergiledi\u011fi temposu ve uzun parkurda ortaya koydu\u011fu dayan\u0131kl\u0131l\u0131k performans\u0131yla istikrarl\u0131 \u00e7\u0131k\u0131\u015f\u0131n\u0131 s\u00fcrd\u00fcr\u00fcrken, Team Akfen \u0130n\u015faat\u2019\u0131n destekledi\u011fi sporcular aras\u0131ndaki ba\u015far\u0131l\u0131 temsilini de devam ettirdi.<\/p>\n\n\n\n<p class=\"wp-block-paragraph\">Daha \u00f6nce ulusal ve uluslararas\u0131 yar\u0131\u015fmalarda elde etti\u011fi derecelerle dikkat \u00e7eken Ekin Ereke, Uluslararas\u0131 Gebze MTB Cup\u2019taki \u00e7ifte podyum ba\u015far\u0131s\u0131yla da da\u011f bisikleti bran\u015f\u0131ndaki y\u00fckseli\u015fini bir kez daha ortaya koydu. Ekin Ereke\u2019nin Uluslararas\u0131 Gebze MTB Cup\u2019ta elde etti\u011fi \u00e7ifte podyum ba\u015far\u0131s\u0131, Team Akfen \u0130n\u015faat\u2019\u0131n gen\u00e7 ve milli sporcular\u0131n geli\u015fim yolculu\u011funa sundu\u011fu deste\u011fin g\u00fc\u00e7l\u00fc yans\u0131malar\u0131ndan biri oldu.<\/p>\n\n\n\n<figure class=\"wp-block-image size-large is-resized\"><img decoding=\"async\" width=\"768\" height=\"1024\" src=\"https:\/\/anhaber.net\/wp-content\/uploads\/2026\/06\/1782815755_Ekin_Ereke__2_-768x1024.jpeg\" alt=\"\" class=\"wp-image-4621\" style=\"aspect-ratio:0.7500039483866892;width:542px;height:auto\" srcset=\"https:\/\/anhaber.net\/wp-content\/uploads\/2026\/06\/1782815755_Ekin_Ereke__2_-768x1024.jpeg 768w, https:\/\/anhaber.net\/wp-content\/uploads\/2026\/06\/1782815755_Ekin_Ereke__2_-225x300.jpeg 225w, https:\/\/anhaber.net\/wp-content\/uploads\/2026\/06\/1782815755_Ekin_Ereke__2_-1152x1536.jpeg 1152w, https:\/\/anhaber.net\/wp-content\/uploads\/2026\/06\/1782815755_Ekin_Ereke__2_.jpeg 1200w\" sizes=\"(max-width: 768px) 100vw, 768px\" \/><\/figure>\n","protected":false},"excerpt":{"rendered":"<p>Team Akfen \u0130n\u015faat\u2019\u0131n destekledi\u011fi milli da\u011f bisiklet\u00e7isi Ekin Ereke, Kocaeli\u2019nin Gebze il\u00e7esinde d\u00fczenlenen Uluslararas\u0131 Gebze MTB Cup\u2019ta iki farkl\u0131 disiplinde podyuma \u00e7\u0131karak \u00f6nemli bir ba\u015far\u0131ya imza att\u0131. Akfen \u0130n\u015faat\u2019\u0131n gen\u00e7 ve milli sporcular\u0131n geli\u015fimini desteklemek amac\u0131yla hayata ge\u00e7irdi\u011fi Team Akfen \u0130n\u015faat&nbsp;projesi kapsam\u0131nda desteklenen&nbsp;milli da\u011f bisiklet\u00e7isi Ekin Ereke, uluslararas\u0131 arenadaki ba\u015far\u0131l\u0131 performans\u0131na bir yenisini daha ekledi. [&hellip;]<\/p>\n","protected":false},"author":3,"featured_media":4623,"comment_status":"open","ping_status":"open","sticky":false,"template":"","format":"standard","meta":{"footnotes":""},"categories":[45,16],"tags":[],"class_list":["post-4619","post","type-post","status-publish","format-standard","has-post-thumbnail","hentry","category-manset","category-spor-haberleri"],"aioseo_notices":[],"_links":{"self":[{"href":"https:\/\/anhaber.net\/index.php?rest_route=\/wp\/v2\/posts\/4619","targetHints":{"allow":["GET"]}}],"collection":[{"href":"https:\/\/anhaber.net\/index.php?rest_route=\/wp\/v2\/posts"}],"about":[{"href":"https:\/\/anhaber.net\/index.php?rest_route=\/wp\/v2\/types\/post"}],"author":[{"embeddable":true,"href":"https:\/\/anhaber.net\/index.php?rest_route=\/wp\/v2\/users\/3"}],"replies":[{"embeddable":true,"href":"https:\/\/anhaber.net\/index.php?rest_route=%2Fwp%2Fv2%2Fcomments&post=4619"}],"version-history":[{"count":1,"href":"https:\/\/anhaber.net\/index.php?rest_route=\/wp\/v2\/posts\/4619\/revisions"}],"predecessor-version":[{"id":4624,"href":"https:\/\/anhaber.net\/index.php?rest_route=\/wp\/v2\/posts\/4619\/revisions\/4624"}],"wp:featuredmedia":[{"embeddable":true,"href":"https:\/\/anhaber.net\/index.php?rest_route=\/wp\/v2\/media\/4623"}],"wp:attachment":[{"href":"https:\/\/anhaber.net\/index.php?rest_route=%2Fwp%2Fv2%2Fmedia&parent=4619"}],"wp:term":[{"taxonomy":"category","embeddable":true,"href":"https:\/\/anhaber.net\/index.php?rest_route=%2Fwp%2Fv2%2Fcategories&post=4619"},{"taxonomy":"post_tag","embeddable":true,"href":"https:\/\/anhaber.net\/index.php?rest_route=%2Fwp%2Fv2%2Ftags&post=4619"}],"curies":[{"name":"wp","href":"https:\/\/api.w.org\/{rel}","templated":true}]}}