{"id":4614,"date":"2026-06-30T19:31:10","date_gmt":"2026-06-30T19:31:10","guid":{"rendered":"https:\/\/anhaber.net\/?p=4614"},"modified":"2026-06-30T19:31:11","modified_gmt":"2026-06-30T19:31:11","slug":"havacilikta-sinir-tanimayan-kadinlar-4-bolumde-ucus-emniyetinin-gorunmeyen-kahramani-ozlem-orali-agirladi","status":"publish","type":"post","link":"https:\/\/anhaber.net\/?p=4614","title":{"rendered":"\u201cHavac\u0131l\u0131kta S\u0131n\u0131r Tan\u0131mayan Kad\u0131nlar\u201d 4. B\u00f6l\u00fcmde u\u00e7u\u015f emniyetinin g\u00f6r\u00fcnmeyen kahraman\u0131 \u00d6zlem Oral\u2019\u0131 a\u011f\u0131rlad\u0131"},"content":{"rendered":"\n<p class=\"wp-block-paragraph\"><strong>\u0130stanbul Sabiha G\u00f6k\u00e7en (ISG) Havaliman\u0131\u2019n\u0131n b\u00fcy\u00fck ilgi g\u00f6ren dijital ilham ar\u015fivi \u201cHavac\u0131l\u0131kta S\u0131n\u0131r Tan\u0131mayan Kad\u0131nlar\u201d Sivil Havac\u0131l\u0131k Genel M\u00fcd\u00fcrl\u00fc\u011f\u00fc (SHGM) Sabiha G\u00f6k\u00e7en Havaliman\u0131 Temsilcisi \u00d6zlem Oral\u2019\u0131n hik\u00e2yesini serinin d\u00f6rd\u00fcnc\u00fc b\u00f6l\u00fcm\u00fcnde ekranlara ta\u015f\u0131yor.<\/strong><\/p>\n\n\n\n<p class=\"wp-block-paragraph\"><strong>\u00d6zlem Oral havac\u0131l\u0131\u011f\u0131n omurgas\u0131 &#8211; Sivil Havac\u0131l\u0131k Daire Ba\u015fkanl\u0131\u011f\u0131\u2019nda<\/strong><strong>&nbsp;ge\u00e7en 20 y\u0131l\u0131n\u0131 ve cesaretin havac\u0131l\u0131k ekosistemindeki kritik rol\u00fcn\u00fc, kariyer yolculu\u011fundan samimi anekdotlarla payla\u015f\u0131yor.&nbsp;<\/strong><\/p>\n\n\n\n<p class=\"wp-block-paragraph\">Ad\u0131n\u0131 d\u00fcnyan\u0131n ilk kad\u0131n sava\u015f pilotundan alan ve kad\u0131nlar\u0131n havac\u0131l\u0131ktaki g\u00fc\u00e7l\u00fc temsiliyle gelece\u011fe y\u00fcr\u00fcyen \u0130stanbul Sabiha G\u00f6k\u00e7en Uluslararas\u0131 Havaliman\u0131, havac\u0131l\u0131k ekosistemine y\u00f6n veren kad\u0131n profesyonellerin hik\u00e2yelerini g\u00f6r\u00fcn\u00fcr k\u0131lmaya devam ediyor. Kurulu\u015funun 25. y\u0131l\u0131nda hayata ge\u00e7irilen belgesel serisinin yeni b\u00f6l\u00fcm\u00fcne konuk olan SHGM Sabiha G\u00f6k\u00e7en Havaliman\u0131 Temsilcisi ve U\u00e7u\u015fa Elveri\u015flilik Daire Ba\u015fkanl\u0131\u011f\u0131 Denet\u00e7isi \u00d6zlem Oral, sivil havac\u0131l\u0131kta kamu otoritesinin ta\u015f\u0131d\u0131\u011f\u0131 hayati sorumlulu\u011fu ve sahada kad\u0131n olarak var olma m\u00fccadelesini \u00e7arp\u0131c\u0131 a\u00e7\u0131klamalarla payla\u015f\u0131yor.<\/p>\n\n\n\n<figure class=\"wp-block-image size-large\"><img fetchpriority=\"high\" decoding=\"async\" width=\"576\" height=\"1024\" src=\"https:\/\/anhaber.net\/wp-content\/uploads\/2026\/06\/1782815190_O__zlem_Oral_4Bo__lu__m_1080x1920-576x1024.jpg\" alt=\"\" class=\"wp-image-4615\" srcset=\"https:\/\/anhaber.net\/wp-content\/uploads\/2026\/06\/1782815190_O__zlem_Oral_4Bo__lu__m_1080x1920-576x1024.jpg 576w, https:\/\/anhaber.net\/wp-content\/uploads\/2026\/06\/1782815190_O__zlem_Oral_4Bo__lu__m_1080x1920-169x300.jpg 169w, https:\/\/anhaber.net\/wp-content\/uploads\/2026\/06\/1782815190_O__zlem_Oral_4Bo__lu__m_1080x1920-768x1365.jpg 768w, https:\/\/anhaber.net\/wp-content\/uploads\/2026\/06\/1782815190_O__zlem_Oral_4Bo__lu__m_1080x1920-864x1536.jpg 864w, https:\/\/anhaber.net\/wp-content\/uploads\/2026\/06\/1782815190_O__zlem_Oral_4Bo__lu__m_1080x1920.jpg 1080w\" sizes=\"(max-width: 576px) 100vw, 576px\" \/><\/figure>\n\n\n\n<p class=\"wp-block-paragraph\">Hava sahas\u0131n\u0131n g\u00fcvenli\u011fini sa\u011flamak amac\u0131yla u\u00e7u\u015f operasyonlar\u0131n\u0131, pilot e\u011fitimlerini ve teknik altyap\u0131y\u0131 uluslararas\u0131 standartlara g\u00f6re d\u00fczenleyip denetleyen en \u00fcst merci, Sivil Havac\u0131l\u0131k Genel M\u00fcd\u00fcrl\u00fc\u011f\u00fc (SHGM) sahada \u00f6zveriyle g\u00f6rev yapan \u00d6zlem Oral gibi denet\u00e7iler sayesinde g\u00f6ky\u00fcz\u00fcndeki u\u00e7u\u015f trafi\u011finin emniyetle y\u00f6netilmesini, havalimanlar\u0131n\u0131n uluslararas\u0131 u\u00e7u\u015flara a\u00e7\u0131k kalmas\u0131n\u0131 ve can g\u00fcvenli\u011finin s\u00fcrd\u00fcr\u00fclebilir k\u0131l\u0131nmas\u0131n\u0131 sa\u011fl\u0131yor.<\/p>\n\n\n\n<p class=\"wp-block-paragraph\">Geleneksel kodlar\u0131n ve mask\u00fclen kal\u0131plar\u0131n uzun y\u0131llar etkili oldu\u011fu havac\u0131l\u0131k sekt\u00f6r\u00fcnde, kad\u0131nlar\u0131n yaln\u0131zca g\u00f6r\u00fcnen rollerde de\u011fil; denetimden operasyona, koordinasyondan kamu otoritesi temsilcili\u011fine kadar kritik alanlarda da g\u00fc\u00e7l\u00fc bi\u00e7imde var oldu\u011funu ortaya koyan serinin yeni b\u00f6l\u00fcm\u00fcnde, Sivil Havac\u0131l\u0131k Genel M\u00fcd\u00fcrl\u00fc\u011f\u00fc Sabiha G\u00f6k\u00e7en Havaliman\u0131 Temsilcisi \u00d6zlem Oral\u2019\u0131n hik\u00e2yesi ekrana ta\u015f\u0131n\u0131yor.<\/p>\n\n\n\n<p class=\"wp-block-paragraph\">Sivil Havac\u0131l\u0131k Genel M\u00fcd\u00fcrl\u00fc\u011f\u00fc b\u00fcnyesinde uzun y\u0131llard\u0131r denet\u00e7i olarak g\u00f6rev yapan Oral, farkl\u0131 daire ba\u015fkanl\u0131klar\u0131nda edindi\u011fi deneyimin ard\u0131ndan bug\u00fcn U\u00e7u\u015fa Elveri\u015flilik Daire Ba\u015fkanl\u0131\u011f\u0131\u2019nda denet\u00e7i olarak g\u00f6revini s\u00fcrd\u00fcr\u00fcyor. Ayn\u0131 zamanda Sabiha G\u00f6k\u00e7en Havaliman\u0131 Temsilcili\u011fi g\u00f6revini y\u00fcr\u00fcten Oral, sivil havac\u0131l\u0131\u011f\u0131n emniyetli, d\u00fczenli ve s\u00fcrd\u00fcr\u00fclebilir i\u015fleyi\u015finde kamu otoritesinin ta\u015f\u0131d\u0131\u011f\u0131 kritik sorumlulu\u011fu kendi kariyer yolculu\u011fu \u00fczerinden aktar\u0131yor.<\/p>\n\n\n\n<figure class=\"wp-block-image size-large\"><img decoding=\"async\" width=\"576\" height=\"1024\" src=\"https:\/\/anhaber.net\/wp-content\/uploads\/2026\/06\/1782815190_O__zlem_Oral_1080x1920_TEK-576x1024.jpg\" alt=\"\" class=\"wp-image-4616\" srcset=\"https:\/\/anhaber.net\/wp-content\/uploads\/2026\/06\/1782815190_O__zlem_Oral_1080x1920_TEK-576x1024.jpg 576w, https:\/\/anhaber.net\/wp-content\/uploads\/2026\/06\/1782815190_O__zlem_Oral_1080x1920_TEK-169x300.jpg 169w, https:\/\/anhaber.net\/wp-content\/uploads\/2026\/06\/1782815190_O__zlem_Oral_1080x1920_TEK-768x1365.jpg 768w, https:\/\/anhaber.net\/wp-content\/uploads\/2026\/06\/1782815190_O__zlem_Oral_1080x1920_TEK-864x1536.jpg 864w, https:\/\/anhaber.net\/wp-content\/uploads\/2026\/06\/1782815190_O__zlem_Oral_1080x1920_TEK.jpg 1080w\" sizes=\"(max-width: 576px) 100vw, 576px\" \/><\/figure>\n\n\n\n<p class=\"wp-block-paragraph\"><strong>&#8220;Hatas\u0131z i\u015f yapmak durumunday\u0131z, \u00e7\u00fcnk\u00fc insan can\u0131 ta\u015f\u0131yoruz&#8221;<\/strong><\/p>\n\n\n\n<p class=\"wp-block-paragraph\">Havac\u0131l\u0131\u011f\u0131n yolcular i\u00e7in sadece kalk\u0131\u015f ve ini\u015f anlar\u0131ndan ibaret g\u00f6r\u00fcnd\u00fc\u011f\u00fcn\u00fc, ancak arka planda s\u0131f\u0131r hata tolerans\u0131yla \u00e7al\u0131\u015fan devasa bir denetim mekanizmas\u0131 oldu\u011funu belirten \u00d6zlem Oral, kamu otoritesi ad\u0131na g\u00f6rev yapman\u0131n a\u011f\u0131rl\u0131\u011f\u0131n\u0131 \u015fu s\u00f6zlerle ifade ediyor:<\/p>\n\n\n\n<p class=\"wp-block-paragraph\">\u201cSivil Havac\u0131l\u0131k Genel M\u00fcd\u00fcrl\u00fc\u011f\u00fc T\u00fcrkiye\u2019deki otorite ve ben de bu otoritenin bir par\u00e7as\u0131 olmaktan gurur duyuyorum. \u00dczerimizde b\u00fcy\u00fck bir a\u011f\u0131rl\u0131k var; her \u015feyi m\u00fckemmel ve hatas\u0131z yapmak durumunday\u0131z. Kararlar net verilmeli. G\u00f6rev bilincimin \u00e7ok fark\u0131nday\u0131m; bize g\u00fcvenen insanlar var, sonu\u00e7 itibar\u0131yla can ta\u015f\u0131yoruz.\u201d<\/p>\n\n\n\n<p class=\"wp-block-paragraph\"><strong>&#8220;Sabiha G\u00f6k\u00e7en\u2019de hayat buluyorum, havac\u0131l\u0131k ancak a\u015fkla yap\u0131l\u0131r&#8221;<\/strong><\/p>\n\n\n\n<p class=\"wp-block-paragraph\">Ankara\u2019daki g\u00f6revinin ard\u0131ndan \u0130stanbul\u2019a gelen ve Sabiha G\u00f6k\u00e7en Havaliman\u0131 ofisinin kurulu\u015f s\u00fcrecini tek ba\u015f\u0131na s\u0131rtlayan Oral, 13 y\u0131ld\u0131r g\u00f6rev yapt\u0131\u011f\u0131 havaliman\u0131n\u0131n operasyonel haf\u0131zas\u0131nda \u00e7ok \u00f6nemli bir yere sahip. Klasik mesai kavram\u0131n\u0131n havac\u0131l\u0131kta yeri olmad\u0131\u011f\u0131n\u0131 vurgulayan deneyimli denet\u00e7i, mesle\u011fine olan tutkusunu \u015fu s\u00f6zlerle \u00f6zetliyor:<\/p>\n\n\n\n<p class=\"wp-block-paragraph\">\u201cBen asla 8-5 mesaide \u00e7al\u0131\u015ft\u0131\u011f\u0131m\u0131 bilmiyorum. Her \u015feyden ziyade emniyetli bir u\u00e7u\u015fu sa\u011flamakla y\u00fck\u00fcml\u00fcy\u00fcz. Zorlu hava ko\u015fullar\u0131nda, sahada y\u00fcksek bir \u00f6zveriyle \u00e7al\u0131\u015f\u0131yoruz. Bunu ancak a\u015fkla yapabilirsin, ba\u015fka t\u00fcrl\u00fc yapamazs\u0131n. Sabiha G\u00f6k\u00e7en\u2019de ben hayat buluyorum; benim i\u00e7in oras\u0131 evim gibi.\u201d<\/p>\n\n\n\n<p class=\"wp-block-paragraph\"><strong>&#8220;Sabiha G\u00f6k\u00e7en biz kad\u0131nlara g\u00f6ky\u00fcz\u00fcn\u00fcn kap\u0131s\u0131n\u0131 a\u00e7t\u0131&#8221;<\/strong><\/p>\n\n\n\n<p class=\"wp-block-paragraph\">Erkek egemen olarak bilinen havac\u0131l\u0131k sekt\u00f6r\u00fcnde kad\u0131nlar\u0131n denetimden tekni\u011fe, m\u00fchendislikten en kritik karar mekanizmalar\u0131na kadar her noktada ba\u015far\u0131yla rol ald\u0131\u011f\u0131n\u0131 kan\u0131tlayan \u00d6zlem Oral, belgeselde t\u00fcm kad\u0131nlara ilham verecek \u015fu mesaj\u0131 veriyor:<\/p>\n\n\n\n<p class=\"wp-block-paragraph\">\u201cSabiha G\u00f6k\u00e7en biz kad\u0131nlara g\u00f6ky\u00fcz\u00fcn\u00fcn kap\u0131s\u0131n\u0131 a\u00e7t\u0131. Biz de o kap\u0131dan girdik; havac\u0131l\u0131kta var olmaya ve s\u0131n\u0131rlar\u0131 a\u015fmaya devam ediyoruz.\u201d<\/p>\n\n\n\n<p class=\"wp-block-paragraph\">Havac\u0131l\u0131k sekt\u00f6r\u00fcnde kariyer hedefleyen gen\u00e7 kad\u0131nlara bilgi, disiplin, cesaret ve kararl\u0131l\u0131kla ilerleme mesaj\u0131 veren belgesel serisinin d\u00f6rd\u00fcnc\u00fc b\u00f6l\u00fcm\u00fc, sivil havac\u0131l\u0131\u011f\u0131n g\u00f6r\u00fcnmeyen kahramanlar\u0131n\u0131 bir kez daha dijital haf\u0131zaya kaydediyor.<\/p>\n\n\n\n<p class=\"wp-block-paragraph\">Sivil havac\u0131l\u0131\u011f\u0131n anl\u0131k \u00e7\u00f6z\u00fcmler gerektiren d\u00fcnyas\u0131nda, sahada bas\u0131lmad\u0131k yer b\u0131rakmayan bir kad\u0131n\u0131n izini s\u00fcren bu \u00f6zel b\u00f6l\u00fcm; \u00d6zlem Oral\u2019\u0131n yirmi y\u0131la yay\u0131lan havac\u0131l\u0131k yolculu\u011funu ve operasyonun merkezindeki zorluklar\u0131 nas\u0131l ilham veren ba\u015far\u0131lara d\u00f6n\u00fc\u015ft\u00fcrd\u00fc\u011f\u00fcn\u00fc g\u00f6zler \u00f6n\u00fcne seriyor.&nbsp;<\/p>\n\n\n\n<p class=\"wp-block-paragraph\"><strong>\u00d6zlem Oral kimdir?<\/strong><\/p>\n\n\n\n<p class=\"wp-block-paragraph\">Sivil Havac\u0131l\u0131k Genel M\u00fcd\u00fcrl\u00fc\u011f\u00fc (SHGM) b\u00fcnyesinde uzun y\u0131llard\u0131r denet\u00e7i olarak g\u00f6rev yapan \u00d6zlem Oral, kurumun farkl\u0131 daire ba\u015fkanl\u0131klar\u0131nda edindi\u011fi derin tecr\u00fcbenin ard\u0131ndan bug\u00fcn U\u00e7u\u015fa Elveri\u015flilik Daire Ba\u015fkanl\u0131\u011f\u0131\u2019nda denet\u00e7i olarak g\u00f6revini s\u00fcrd\u00fcrmektedir. Ayn\u0131 zamanda SHGM Sabiha G\u00f6k\u00e7en Havaliman\u0131 Temsilcili\u011fi g\u00f6revini y\u00fcr\u00fcten Oral, yirmi y\u0131ll\u0131k havac\u0131l\u0131k kariyeri ve Sabiha G\u00f6k\u00e7en Havaliman\u0131\u2019ndaki 13 y\u0131ll\u0131k yolculu\u011fu boyunca; denetim, operasyonel koordinasyon, mevzuat uygulamalar\u0131 ve emniyet k\u00fclt\u00fcr\u00fc alanlar\u0131ndaki birikimiyle havac\u0131l\u0131\u011f\u0131n g\u00fcvenli gelece\u011fini \u015fekillendiren \u00f6nc\u00fc kad\u0131n profesyoneller aras\u0131nda yer almaktad\u0131r.<\/p>\n\n\n\n<p class=\"wp-block-paragraph\"><strong>4. B\u00f6l\u00fcm Linki:<\/strong>&nbsp;<a href=\"https:\/\/www.youtube.com\/watch?v=tcVpB_BWuDA\" target=\"_blank\" rel=\"noreferrer noopener\">https:\/\/www.youtube.com\/watch?v=tcVpB_BWuDA<\/a><\/p>\n\n\n\n<p class=\"wp-block-paragraph\"><strong>4. B\u00f6l\u00fcm Tan\u0131t\u0131m Linki:<\/strong>&nbsp;<a href=\"https:\/\/www.youtube.com\/shorts\/kM9J6w1Dt1Q\" target=\"_blank\" rel=\"noreferrer noopener\">https:\/\/www.youtube.com\/shorts\/kM9J6w1Dt1Q<\/a><\/p>\n\n\n\n<p class=\"wp-block-paragraph\"><strong>Belgesel Serisi Fragman\u0131:<\/strong>&nbsp;<a href=\"https:\/\/www.youtube.com\/watch?v=a_GPnIe6Fm8\" target=\"_blank\" rel=\"noreferrer noopener\">https:\/\/www.youtube.com\/watch?v=a_GPnIe6Fm8<\/a><\/p>\n","protected":false},"excerpt":{"rendered":"<p>\u0130stanbul Sabiha G\u00f6k\u00e7en (ISG) Havaliman\u0131\u2019n\u0131n b\u00fcy\u00fck ilgi g\u00f6ren dijital ilham ar\u015fivi \u201cHavac\u0131l\u0131kta S\u0131n\u0131r Tan\u0131mayan Kad\u0131nlar\u201d Sivil Havac\u0131l\u0131k Genel M\u00fcd\u00fcrl\u00fc\u011f\u00fc (SHGM) Sabiha G\u00f6k\u00e7en Havaliman\u0131 Temsilcisi \u00d6zlem Oral\u2019\u0131n hik\u00e2yesini serinin d\u00f6rd\u00fcnc\u00fc b\u00f6l\u00fcm\u00fcnde ekranlara ta\u015f\u0131yor. \u00d6zlem Oral havac\u0131l\u0131\u011f\u0131n omurgas\u0131 &#8211; Sivil Havac\u0131l\u0131k Daire Ba\u015fkanl\u0131\u011f\u0131\u2019nda&nbsp;ge\u00e7en 20 y\u0131l\u0131n\u0131 ve cesaretin havac\u0131l\u0131k ekosistemindeki kritik rol\u00fcn\u00fc, kariyer yolculu\u011fundan samimi anekdotlarla payla\u015f\u0131yor.&nbsp; Ad\u0131n\u0131 [&hellip;]<\/p>\n","protected":false},"author":3,"featured_media":4617,"comment_status":"open","ping_status":"open","sticky":false,"template":"","format":"standard","meta":{"footnotes":""},"categories":[45],"tags":[],"class_list":["post-4614","post","type-post","status-publish","format-standard","has-post-thumbnail","hentry","category-manset"],"aioseo_notices":[],"_links":{"self":[{"href":"https:\/\/anhaber.net\/index.php?rest_route=\/wp\/v2\/posts\/4614","targetHints":{"allow":["GET"]}}],"collection":[{"href":"https:\/\/anhaber.net\/index.php?rest_route=\/wp\/v2\/posts"}],"about":[{"href":"https:\/\/anhaber.net\/index.php?rest_route=\/wp\/v2\/types\/post"}],"author":[{"embeddable":true,"href":"https:\/\/anhaber.net\/index.php?rest_route=\/wp\/v2\/users\/3"}],"replies":[{"embeddable":true,"href":"https:\/\/anhaber.net\/index.php?rest_route=%2Fwp%2Fv2%2Fcomments&post=4614"}],"version-history":[{"count":1,"href":"https:\/\/anhaber.net\/index.php?rest_route=\/wp\/v2\/posts\/4614\/revisions"}],"predecessor-version":[{"id":4618,"href":"https:\/\/anhaber.net\/index.php?rest_route=\/wp\/v2\/posts\/4614\/revisions\/4618"}],"wp:featuredmedia":[{"embeddable":true,"href":"https:\/\/anhaber.net\/index.php?rest_route=\/wp\/v2\/media\/4617"}],"wp:attachment":[{"href":"https:\/\/anhaber.net\/index.php?rest_route=%2Fwp%2Fv2%2Fmedia&parent=4614"}],"wp:term":[{"taxonomy":"category","embeddable":true,"href":"https:\/\/anhaber.net\/index.php?rest_route=%2Fwp%2Fv2%2Fcategories&post=4614"},{"taxonomy":"post_tag","embeddable":true,"href":"https:\/\/anhaber.net\/index.php?rest_route=%2Fwp%2Fv2%2Ftags&post=4614"}],"curies":[{"name":"wp","href":"https:\/\/api.w.org\/{rel}","templated":true}]}}