{"id":4611,"date":"2026-06-30T19:25:03","date_gmt":"2026-06-30T19:25:03","guid":{"rendered":"https:\/\/anhaber.net\/?p=4611"},"modified":"2026-06-30T19:25:03","modified_gmt":"2026-06-30T19:25:03","slug":"milli-yuzucu-meric-uygundan-unilig-turkiye-sampiyonasinda-4-madalya","status":"publish","type":"post","link":"https:\/\/anhaber.net\/?p=4611","title":{"rendered":"Milli Y\u00fcz\u00fcc\u00fc Meri\u00e7 Uygun\u2019dan\u00a0\u00dcN\u0130L\u0130G T\u00fcrkiye \u015eampiyonas\u0131\u2019nda 4 Madalya&#8230;"},"content":{"rendered":"\n<p class=\"wp-block-paragraph\"><strong>Team Akfen \u0130n\u015faat\u2019\u0131n destekledi\u011fi milli y\u00fcz\u00fcc\u00fc Meri\u00e7 Uygun, 23\u201325 Haziran 2026 tarihleri aras\u0131nda Mersin\u2019de d\u00fczenlenen \u00dcN\u0130L\u0130G Y\u00fczme T\u00fcrkiye \u015eampiyonas\u0131\u2019nda 3 T\u00fcrkiye \u015fampiyonlu\u011fu ve 1 T\u00fcrkiye ikincili\u011fi elde ederek toplam 4 madalyan\u0131n sahibi oldu.<\/strong><\/p>\n\n\n\n<p class=\"wp-block-paragraph\"><strong>Akfen \u0130n\u015faat\u2019\u0131n gen\u00e7 ve milli sporcular\u0131n geli\u015fimini desteklemek amac\u0131yla hayata ge\u00e7irdi\u011fi Team Akfen \u0130n\u015faat<\/strong>&nbsp;projesi kapsam\u0131nda desteklenen&nbsp;<strong>milli y\u00fcz\u00fcc\u00fc Meri\u00e7 Uygun<\/strong>, ba\u015far\u0131l\u0131 performans\u0131na bir yenisini daha ekledi.<\/p>\n\n\n\n<p class=\"wp-block-paragraph\">23\u201325 Haziran 2026 tarihleri aras\u0131nda Mersin\u2019de d\u00fczenlenen&nbsp;<strong>\u00dcN\u0130L\u0130G Y\u00fczme T\u00fcrkiye \u015eampiyonas\u0131\u2019nda Ya\u015far \u00dcniversitesi ad\u0131na yar\u0131\u015fan Meri\u00e7 Uygun<\/strong>, organizasyonda elde etti\u011fi derecelerle \u015fampiyonaya damga vurdu.<\/p>\n\n\n\n<p class=\"wp-block-paragraph\">Meri\u00e7 Uygun, \u015fampiyonada&nbsp;<strong>400 metre kar\u0131\u015f\u0131k, 200 metre kurba\u011falama ve 50 metre serbest kategorilerinde T\u00fcrkiye \u015eampiyonu olurken; 100 metre kurba\u011falama kategorisinde ise T\u00fcrkiye ikincili\u011fini elde etti.<\/strong>&nbsp;Uygun, bu sonu\u00e7larla organizasyonu&nbsp;<strong>toplam 4 madalya<\/strong>&nbsp;ile tamamlayarak y\u00fczme kariyerindeki istikrarl\u0131 y\u00fckseli\u015fini s\u00fcrd\u00fcrd\u00fc.<\/p>\n\n\n\n<p class=\"wp-block-paragraph\">Daha \u00f6nce&nbsp;<strong>Comen Cup ve \u00e7ok say\u0131da milli tak\u0131m yar\u0131\u015f\u0131nda T\u00fcrkiye\u2019yi temsil eden,<\/strong>&nbsp;<strong>T\u00fcrkiye \u015eampiyonas\u0131\u2019nda 200 metre kurba\u011falama&nbsp;<\/strong>ba\u015fta olmak \u00fczere farkl\u0131 bran\u015flarda \u00f6nemli dereceler elde eden Meri\u00e7 Uygun, \u00dcN\u0130L\u0130G Y\u00fczme T\u00fcrkiye \u015eampiyonas\u0131\u2019ndaki performans\u0131yla bran\u015f\u0131n\u0131n dikkat \u00e7eken gen\u00e7 sporcular\u0131 aras\u0131nda yer ald\u0131\u011f\u0131n\u0131 bir kez daha g\u00f6sterdi.<\/p>\n\n\n\n<p class=\"wp-block-paragraph\">Akfen \u0130n\u015faat\u2019\u0131n gen\u00e7 sporculara uzun vadeli destek sa\u011flamak amac\u0131yla hayata ge\u00e7irdi\u011fi Team Akfen \u0130n\u015faat projesi, farkl\u0131 bran\u015flarda T\u00fcrkiye\u2019yi ulusal ve uluslararas\u0131 arenada temsil eden sporcular\u0131n ba\u015far\u0131 yolculuklar\u0131na katk\u0131 sunmay\u0131 s\u00fcrd\u00fcr\u00fcyor.<\/p>\n","protected":false},"excerpt":{"rendered":"<p>Team Akfen \u0130n\u015faat\u2019\u0131n destekledi\u011fi milli y\u00fcz\u00fcc\u00fc Meri\u00e7 Uygun, 23\u201325 Haziran 2026 tarihleri aras\u0131nda Mersin\u2019de d\u00fczenlenen \u00dcN\u0130L\u0130G Y\u00fczme T\u00fcrkiye \u015eampiyonas\u0131\u2019nda 3 T\u00fcrkiye \u015fampiyonlu\u011fu ve 1 T\u00fcrkiye ikincili\u011fi elde ederek toplam 4 madalyan\u0131n sahibi oldu. Akfen \u0130n\u015faat\u2019\u0131n gen\u00e7 ve milli sporcular\u0131n geli\u015fimini desteklemek amac\u0131yla hayata ge\u00e7irdi\u011fi Team Akfen \u0130n\u015faat&nbsp;projesi kapsam\u0131nda desteklenen&nbsp;milli y\u00fcz\u00fcc\u00fc Meri\u00e7 Uygun, ba\u015far\u0131l\u0131 performans\u0131na bir [&hellip;]<\/p>\n","protected":false},"author":3,"featured_media":4612,"comment_status":"open","ping_status":"open","sticky":false,"template":"","format":"standard","meta":{"footnotes":""},"categories":[45,16],"tags":[],"class_list":["post-4611","post","type-post","status-publish","format-standard","has-post-thumbnail","hentry","category-manset","category-spor-haberleri"],"aioseo_notices":[],"_links":{"self":[{"href":"https:\/\/anhaber.net\/index.php?rest_route=\/wp\/v2\/posts\/4611","targetHints":{"allow":["GET"]}}],"collection":[{"href":"https:\/\/anhaber.net\/index.php?rest_route=\/wp\/v2\/posts"}],"about":[{"href":"https:\/\/anhaber.net\/index.php?rest_route=\/wp\/v2\/types\/post"}],"author":[{"embeddable":true,"href":"https:\/\/anhaber.net\/index.php?rest_route=\/wp\/v2\/users\/3"}],"replies":[{"embeddable":true,"href":"https:\/\/anhaber.net\/index.php?rest_route=%2Fwp%2Fv2%2Fcomments&post=4611"}],"version-history":[{"count":1,"href":"https:\/\/anhaber.net\/index.php?rest_route=\/wp\/v2\/posts\/4611\/revisions"}],"predecessor-version":[{"id":4613,"href":"https:\/\/anhaber.net\/index.php?rest_route=\/wp\/v2\/posts\/4611\/revisions\/4613"}],"wp:featuredmedia":[{"embeddable":true,"href":"https:\/\/anhaber.net\/index.php?rest_route=\/wp\/v2\/media\/4612"}],"wp:attachment":[{"href":"https:\/\/anhaber.net\/index.php?rest_route=%2Fwp%2Fv2%2Fmedia&parent=4611"}],"wp:term":[{"taxonomy":"category","embeddable":true,"href":"https:\/\/anhaber.net\/index.php?rest_route=%2Fwp%2Fv2%2Fcategories&post=4611"},{"taxonomy":"post_tag","embeddable":true,"href":"https:\/\/anhaber.net\/index.php?rest_route=%2Fwp%2Fv2%2Ftags&post=4611"}],"curies":[{"name":"wp","href":"https:\/\/api.w.org\/{rel}","templated":true}]}}