{"id":4591,"date":"2026-06-30T19:01:27","date_gmt":"2026-06-30T19:01:27","guid":{"rendered":"https:\/\/anhaber.net\/?p=4591"},"modified":"2026-06-30T19:01:28","modified_gmt":"2026-06-30T19:01:28","slug":"konusmadiaspora-topluluklarinin-ritimleri-7-temmuz-2026-salt-beyoglu","status":"publish","type":"post","link":"https:\/\/anhaber.net\/?p=4591","title":{"rendered":"Konu\u015fma:Diaspora Topluluklar\u0131n\u0131n Ritimleri 7 Temmuz 2026 Salt Beyo\u011flu"},"content":{"rendered":"\n<p class=\"wp-block-paragraph\">Salt Beyo\u011flu\u2019ndaki \u201cBarajdan S\u0131zanlar\u201d sergisi paralelindeki programlar,<br>7 Temmuz\u2019da mimar ve sosyal bilimci P\u0131nar \u015eefkatli\u2019nin konu\u015fmas\u0131yla devam ediyor.<\/p>\n\n\n\n<p class=\"wp-block-paragraph\">Salt\u2019\u0131n Barajdan S\u0131zanlar sergisi, Do\u011fu Akdeniz\u2019den K\u00f6rfez B\u00f6lgesi\u2019ne uzanan bir co\u011frafyada<br>arazinin haf\u0131za ve ar\u015fivle ili\u015fkisini merkeze al\u0131yor.<\/p>\n\n\n\n<p class=\"wp-block-paragraph\"> Barajlar, kanallar, petrol kuyular\u0131, jeotermal<br>santraller, g\u00f6zetim sistemleri ve ileti\u015fim a\u011flar\u0131n\u0131n hem fiziksel peyzaj\u0131 hem de onun etraf\u0131nda<br>\u015fekillenen toplumsal ve k\u00fclt\u00fcrel ba\u011flar\u0131 nas\u0131l d\u00f6n\u00fc\u015ft\u00fcrd\u00fc\u011f\u00fcn\u00fcn izini s\u00fcr\u00fcyor.<br>Sergi paralelindeki programlar, 7 Temmuz Sal\u0131 saat 18.30\u2019da Salt Beyo\u011flu\u2019ndaki A\u00e7\u0131k<br>Sinema\u2019da, mimar ve sosyal bilimci P\u0131nar \u015eefkatli\u2019nin Amsterdam\u2019da ya\u015fayan diaspora<br>topluluklar\u0131 \u00fczerine \u201critimanaliz\u201d metodolojisini kullanarak y\u00fcr\u00fctt\u00fc\u011f\u00fc ara\u015ft\u0131rmaya dair<br>konu\u015fmas\u0131yla devam ediyor.<\/p>\n\n\n\n<p class=\"wp-block-paragraph\"><br>Serginin g\u00fcndeme getirdi\u011fi arazi, haf\u0131za ve diasporik mek\u00e2n ili\u015fkisine yaslanan konu\u015fma;<br>kolektif haf\u0131za, g\u00f6\u00e7 deneyimleri ve toplumsal ba\u011flar\u0131n kent ya\u015fam\u0131n\u0131n \u00f6r\u00fcnt\u00fcleri i\u00e7erisinde nas\u0131l<br>\u015fekillendi\u011fini ele alacak. \u015eefkatli, ritimanalizi kar\u015f\u0131la\u015fmalar, rit\u00fceller, bulu\u015fmalar ve g\u00fcndelik<br>etkile\u015fimlerde sakl\u0131 dinamikleri izlemeye imk\u00e2n veren bir y\u00f6ntem olarak tart\u0131\u015facak. Topluluk<br>merkezleri, mahalle mek\u00e2nlar\u0131 ve k\u00fclt\u00fcr derneklerini farkl\u0131 ku\u015faklar\u0131n, ge\u00e7mi\u015flerin ve aidiyet<br>bi\u00e7imlerinin bir arada var oldu\u011fu; m\u00fc\u015fterek sofralardan din\u00ee pratikler ile mevsimsel kutlamalara<br>uzanan ritmik altyap\u0131lar olarak de\u011ferlendirecek.<\/p>\n\n\n\n<p class=\"wp-block-paragraph\"> Herkese a\u00e7\u0131k ve \u00fccretsiz programlar hakk\u0131nda<br>ayr\u0131nt\u0131l\u0131 bilgi i\u00e7in: saltonline.org.<br>Konu\u015fma, Hollanda Krall\u0131\u011f\u0131\u2019n\u0131n deste\u011fiyle ger\u00e7ekle\u015ftirilmektedir.<br>P\u0131nar \u015eefkatli, kent ritimleri \u00fczerine \u00e7al\u0131\u015fan bir mimar ve sosyal bilimcidir. \u00c7al\u0131\u015fmalar\u0131, kentin sosyo-<br>mek\u00e2nsal ve ekolojik dinamiklerini ortaya koymaya y\u00f6nelik bir y\u00f6ntem olarak ritimanalize<br>odaklanmaktad\u0131r. Mimarl\u0131k alan\u0131ndaki lisans derecesini Politecnico di Milano, y\u00fcksek lisans derecesini<br>Delft University of Technology\u2019den alan \u015eefkatli, doktoras\u0131n\u0131 2024 y\u0131l\u0131nda University of Amsterdam<br>Sosyoloji B\u00f6l\u00fcm\u00fc\u2019nde tamamlad\u0131. Amsterdam&#8217;\u0131n g\u00fcneydo\u011fu b\u00f6lgesinde y\u00fcr\u00fctt\u00fc\u011f\u00fc ara\u015ft\u0131rma<br>kapsam\u0131nda, kentsel tasar\u0131m ve politika \u00fcretimine y\u00f6nelik ritimanaliz kavramlar\u0131 ile y\u00f6ntemleri geli\u015ftirdi.<\/p>\n\n\n\n<p class=\"wp-block-paragraph\">Ayr\u0131ca City of Amsterdam Chief Science Office, Delft University of Technology ve disiplinleraras\u0131<br>mimarl\u0131k prati\u011fi AFARAI ile ortak \u00e7al\u0131\u015fmalar y\u00fcr\u00fctt\u00fc. H\u00e2len University of Amsterdam\u2019da doktora sonras\u0131<br>ara\u015ft\u0131rmac\u0131 olarak \u00e7al\u0131\u015fmalar\u0131n\u0131 s\u00fcrd\u00fcrmektedir.<\/p>\n\n\n\n<p class=\"wp-block-paragraph\">G\u00d6RSEL KRED\u0130LER\u0130<br>1-2.<br>Amsterdam\u2019daki Multicultureel Centrum Ala Kondre\u2019de ger\u00e7ekle\u015ftirilen kolektif haritalama<br>\u00e7al\u0131\u015fmas\u0131<br>3.<br>Multicultureel Centrum Ala Kondre, Amsterdam<\/p>\n\n\n\n<figure class=\"wp-block-image size-large\"><img fetchpriority=\"high\" decoding=\"async\" width=\"1024\" height=\"768\" src=\"https:\/\/anhaber.net\/wp-content\/uploads\/2026\/06\/1-2-1024x768.jpg\" alt=\"\" class=\"wp-image-4592\" srcset=\"https:\/\/anhaber.net\/wp-content\/uploads\/2026\/06\/1-2-1024x768.jpg 1024w, https:\/\/anhaber.net\/wp-content\/uploads\/2026\/06\/1-2-300x225.jpg 300w, https:\/\/anhaber.net\/wp-content\/uploads\/2026\/06\/1-2-768x576.jpg 768w, https:\/\/anhaber.net\/wp-content\/uploads\/2026\/06\/1-2-1536x1152.jpg 1536w, https:\/\/anhaber.net\/wp-content\/uploads\/2026\/06\/1-2.jpg 2000w\" sizes=\"(max-width: 1024px) 100vw, 1024px\" \/><\/figure>\n\n\n\n<figure class=\"wp-block-image size-large\"><img decoding=\"async\" width=\"1024\" height=\"768\" src=\"https:\/\/anhaber.net\/wp-content\/uploads\/2026\/06\/2-3-1024x768.jpg\" alt=\"\" class=\"wp-image-4593\" srcset=\"https:\/\/anhaber.net\/wp-content\/uploads\/2026\/06\/2-3-1024x768.jpg 1024w, https:\/\/anhaber.net\/wp-content\/uploads\/2026\/06\/2-3-300x225.jpg 300w, https:\/\/anhaber.net\/wp-content\/uploads\/2026\/06\/2-3-768x576.jpg 768w, https:\/\/anhaber.net\/wp-content\/uploads\/2026\/06\/2-3-1536x1152.jpg 1536w, https:\/\/anhaber.net\/wp-content\/uploads\/2026\/06\/2-3.jpg 2000w\" sizes=\"(max-width: 1024px) 100vw, 1024px\" \/><\/figure>\n\n\n\n<figure class=\"wp-block-image size-large\"><img decoding=\"async\" width=\"1024\" height=\"768\" src=\"https:\/\/anhaber.net\/wp-content\/uploads\/2026\/06\/3-3-1024x768.jpg\" alt=\"\" class=\"wp-image-4594\" srcset=\"https:\/\/anhaber.net\/wp-content\/uploads\/2026\/06\/3-3-1024x768.jpg 1024w, https:\/\/anhaber.net\/wp-content\/uploads\/2026\/06\/3-3-300x225.jpg 300w, https:\/\/anhaber.net\/wp-content\/uploads\/2026\/06\/3-3-768x576.jpg 768w, https:\/\/anhaber.net\/wp-content\/uploads\/2026\/06\/3-3-1536x1152.jpg 1536w, https:\/\/anhaber.net\/wp-content\/uploads\/2026\/06\/3-3.jpg 2000w\" sizes=\"(max-width: 1024px) 100vw, 1024px\" \/><\/figure>\n","protected":false},"excerpt":{"rendered":"<p>Salt Beyo\u011flu\u2019ndaki \u201cBarajdan S\u0131zanlar\u201d sergisi paralelindeki programlar,7 Temmuz\u2019da mimar ve sosyal bilimci P\u0131nar \u015eefkatli\u2019nin konu\u015fmas\u0131yla devam ediyor. Salt\u2019\u0131n Barajdan S\u0131zanlar sergisi, Do\u011fu Akdeniz\u2019den K\u00f6rfez B\u00f6lgesi\u2019ne uzanan bir co\u011frafyadaarazinin haf\u0131za ve ar\u015fivle ili\u015fkisini merkeze al\u0131yor. Barajlar, kanallar, petrol kuyular\u0131, jeotermalsantraller, g\u00f6zetim sistemleri ve ileti\u015fim a\u011flar\u0131n\u0131n hem fiziksel peyzaj\u0131 hem de onun etraf\u0131nda\u015fekillenen toplumsal ve k\u00fclt\u00fcrel ba\u011flar\u0131 [&hellip;]<\/p>\n","protected":false},"author":3,"featured_media":4594,"comment_status":"open","ping_status":"open","sticky":false,"template":"","format":"standard","meta":{"footnotes":""},"categories":[4,45,12],"tags":[],"class_list":["post-4591","post","type-post","status-publish","format-standard","has-post-thumbnail","hentry","category-kultur-haberleri","category-manset","category-sanat-haberleri"],"aioseo_notices":[],"_links":{"self":[{"href":"https:\/\/anhaber.net\/index.php?rest_route=\/wp\/v2\/posts\/4591","targetHints":{"allow":["GET"]}}],"collection":[{"href":"https:\/\/anhaber.net\/index.php?rest_route=\/wp\/v2\/posts"}],"about":[{"href":"https:\/\/anhaber.net\/index.php?rest_route=\/wp\/v2\/types\/post"}],"author":[{"embeddable":true,"href":"https:\/\/anhaber.net\/index.php?rest_route=\/wp\/v2\/users\/3"}],"replies":[{"embeddable":true,"href":"https:\/\/anhaber.net\/index.php?rest_route=%2Fwp%2Fv2%2Fcomments&post=4591"}],"version-history":[{"count":1,"href":"https:\/\/anhaber.net\/index.php?rest_route=\/wp\/v2\/posts\/4591\/revisions"}],"predecessor-version":[{"id":4595,"href":"https:\/\/anhaber.net\/index.php?rest_route=\/wp\/v2\/posts\/4591\/revisions\/4595"}],"wp:featuredmedia":[{"embeddable":true,"href":"https:\/\/anhaber.net\/index.php?rest_route=\/wp\/v2\/media\/4594"}],"wp:attachment":[{"href":"https:\/\/anhaber.net\/index.php?rest_route=%2Fwp%2Fv2%2Fmedia&parent=4591"}],"wp:term":[{"taxonomy":"category","embeddable":true,"href":"https:\/\/anhaber.net\/index.php?rest_route=%2Fwp%2Fv2%2Fcategories&post=4591"},{"taxonomy":"post_tag","embeddable":true,"href":"https:\/\/anhaber.net\/index.php?rest_route=%2Fwp%2Fv2%2Ftags&post=4591"}],"curies":[{"name":"wp","href":"https:\/\/api.w.org\/{rel}","templated":true}]}}