{"id":4586,"date":"2026-06-24T18:54:38","date_gmt":"2026-06-24T18:54:38","guid":{"rendered":"https:\/\/anhaber.net\/?p=4586"},"modified":"2026-06-24T18:54:39","modified_gmt":"2026-06-24T18:54:39","slug":"unlu-tarihci-anthony-balein-kaleminden-ortacagda-seyahat-rehberi","status":"publish","type":"post","link":"https:\/\/anhaber.net\/?p=4586","title":{"rendered":"\u00dcnl\u00fc tarih\u00e7i Anthony Bale\u2019in kaleminden\u00a0Orta\u00e7a\u011f\u2019da Seyahat Rehberi:"},"content":{"rendered":"\n<p class=\"wp-block-paragraph\">\u00a0Orta\u00e7a\u011f\u2019da Ya\u015fam\u0131\u015flar\u0131n G\u00f6z\u00fcnden D\u00fcnya\u00a0haziran ay\u0131nda Mundi etiketiyle okurla bulu\u015fuyor.\u00a0Bale\u2019in kraliyet saraylar\u0131ndan mistik manast\u0131rlara, hac yolculuklar\u0131ndan d\u00f6nemin \u00fcnl\u00fc ticaret yollar\u0131na uzanan bu kitab\u0131yla, kendinizi o y\u0131llarda ya\u015fayan bir seyyah gibi hissedeceksiniz.<\/p>\n\n\n\n<p class=\"wp-block-paragraph\">Orta\u00e7a\u011f\u2019da bir yolculu\u011fa \u00e7\u0131kmaya haz\u0131r m\u0131s\u0131n\u0131z? Haritalar\u0131n eksik, yollar\u0131n belirsiz oldu\u011fu, s\u0131n\u0131rlar\u0131n hayal g\u00fcc\u00fcyle \u00e7izildi\u011fi bir d\u00fcnyaya ad\u0131m at\u0131n!&nbsp;<\/p>\n\n\n\n<p class=\"wp-block-paragraph\">\u00dcnl\u00fc tarih\u00e7i&nbsp;Anthony Bale, sizi Orta\u00e7a\u011f gezginlerinin ve seyyahlar\u0131n\u0131n g\u00f6z\u00fcnden b\u00fcy\u00fcleyici bir ke\u015ffe davet ediyor: Hac yolculuklar\u0131ndan d\u00f6nemin \u00fcnl\u00fc ticaret yollar\u0131na, kraliyet saraylar\u0131ndan mistik manast\u0131rlara, Kud\u00fcs\u2019ten \u0130stanbul\u2019a, kendinizi o y\u0131llarda ya\u015fam\u0131\u015f seyyahlarla beraber bir yolculukta hissedebilece\u011finiz bir kitap bu. Ger\u00e7ekten \u201cbilinmeyen yolculuk\u201dlara \u00e7\u0131kman\u0131n o d\u00f6nemde ne anlama gelece\u011fini ke\u015ffederken, onlar\u0131n korkular\u0131na, meraklar\u0131na ve kar\u015f\u0131la\u015ft\u0131klar\u0131 \u015fa\u015f\u0131rt\u0131c\u0131 manzaralara \u015fahitlik edeceksiniz.&nbsp;<\/p>\n\n\n\n<p class=\"wp-block-paragraph\"><em>Orta\u00e7a\u011f\u2019da Seyahat Rehberi<\/em>, yaln\u0131zca bir tarih kitab\u0131 de\u011fil, ayn\u0131 zamanda sizi zamanda geriye g\u00f6t\u00fcren bir ser\u00fcven, bir zaman makinesi\u2026<\/p>\n\n\n\n<p class=\"wp-block-paragraph\">\u201cCanl\u0131, heyecan verici ve \u015fa\u015f\u0131rt\u0131c\u0131: Anthony Bale\u2019in Orta\u00e7a\u011f d\u00fcnyas\u0131, mucizeler ve hayallerle dolu. Bale\u2019in bir\u00e7ok Ge\u00e7 Orta\u00e7a\u011f seyyah\u0131n\u0131n metinleri arac\u0131l\u0131\u011f\u0131yla yapt\u0131\u011f\u0131 bu ke\u015fif yolculu\u011fu tam manas\u0131yla s\u00fcr\u00fckleyici ve b\u00fcy\u00fcleyici, ayr\u0131ca hem \u015fimdi hem ge\u00e7mi\u015fte yabanc\u0131 topraklarda g\u00fcvensiz dola\u015fan bir insan olman\u0131n nas\u0131l bir his oldu\u011funa dair halden anlar yorumlarla dolu.\u201d<\/p>\n\n\n\n<p class=\"wp-block-paragraph\">John Arnold<\/p>\n\n\n\n<p class=\"wp-block-paragraph\">Cambridge \u00dcniversitesi, Orta\u00e7a\u011f tarihi profes\u00f6r\u00fc<\/p>\n\n\n\n<p class=\"wp-block-paragraph\"><strong>Kitap Ad\u0131:&nbsp;<\/strong><em>Orta\u00e7a\u011f\u2019da Seyahat Rehberi: Orta\u00e7a\u011f\u2019da Ya\u015fam\u0131\u015flar\u0131n G\u00f6z\u00fcnden D\u00fcnya&nbsp;<\/em><\/p>\n\n\n\n<p class=\"wp-block-paragraph\"><strong>Yazar:<\/strong>&nbsp;Anthony Bale&nbsp;<\/p>\n\n\n\n<p class=\"wp-block-paragraph\"><strong>\u00c7eviri:&nbsp;<\/strong>Selen Birce Y\u0131lmaz<\/p>\n\n\n\n<p class=\"wp-block-paragraph\"><strong>Yay\u0131nevi:<\/strong>&nbsp;Mundi<\/p>\n\n\n\n<p class=\"wp-block-paragraph\"><strong>T\u00fcr:&nbsp;<\/strong>Ara\u015ft\u0131rma\/Tarih&nbsp;<\/p>\n\n\n\n<p class=\"wp-block-paragraph\"><strong>Sayfa Say\u0131s\u0131:&nbsp;<\/strong>336<\/p>\n\n\n\n<p class=\"wp-block-paragraph\"><strong>Fiyat\u0131:&nbsp;<\/strong>550 TL<\/p>\n","protected":false},"excerpt":{"rendered":"<p>\u00a0Orta\u00e7a\u011f\u2019da Ya\u015fam\u0131\u015flar\u0131n G\u00f6z\u00fcnden D\u00fcnya\u00a0haziran ay\u0131nda Mundi etiketiyle okurla bulu\u015fuyor.\u00a0Bale\u2019in kraliyet saraylar\u0131ndan mistik manast\u0131rlara, hac yolculuklar\u0131ndan d\u00f6nemin \u00fcnl\u00fc ticaret yollar\u0131na uzanan bu kitab\u0131yla, kendinizi o y\u0131llarda ya\u015fayan bir seyyah gibi hissedeceksiniz. Orta\u00e7a\u011f\u2019da bir yolculu\u011fa \u00e7\u0131kmaya haz\u0131r m\u0131s\u0131n\u0131z? Haritalar\u0131n eksik, yollar\u0131n belirsiz oldu\u011fu, s\u0131n\u0131rlar\u0131n hayal g\u00fcc\u00fcyle \u00e7izildi\u011fi bir d\u00fcnyaya ad\u0131m at\u0131n!&nbsp; \u00dcnl\u00fc tarih\u00e7i&nbsp;Anthony Bale, sizi Orta\u00e7a\u011f gezginlerinin [&hellip;]<\/p>\n","protected":false},"author":3,"featured_media":4587,"comment_status":"open","ping_status":"open","sticky":false,"template":"","format":"standard","meta":{"footnotes":""},"categories":[4,45,12],"tags":[],"class_list":["post-4586","post","type-post","status-publish","format-standard","has-post-thumbnail","hentry","category-kultur-haberleri","category-manset","category-sanat-haberleri"],"aioseo_notices":[],"_links":{"self":[{"href":"https:\/\/anhaber.net\/index.php?rest_route=\/wp\/v2\/posts\/4586","targetHints":{"allow":["GET"]}}],"collection":[{"href":"https:\/\/anhaber.net\/index.php?rest_route=\/wp\/v2\/posts"}],"about":[{"href":"https:\/\/anhaber.net\/index.php?rest_route=\/wp\/v2\/types\/post"}],"author":[{"embeddable":true,"href":"https:\/\/anhaber.net\/index.php?rest_route=\/wp\/v2\/users\/3"}],"replies":[{"embeddable":true,"href":"https:\/\/anhaber.net\/index.php?rest_route=%2Fwp%2Fv2%2Fcomments&post=4586"}],"version-history":[{"count":1,"href":"https:\/\/anhaber.net\/index.php?rest_route=\/wp\/v2\/posts\/4586\/revisions"}],"predecessor-version":[{"id":4588,"href":"https:\/\/anhaber.net\/index.php?rest_route=\/wp\/v2\/posts\/4586\/revisions\/4588"}],"wp:featuredmedia":[{"embeddable":true,"href":"https:\/\/anhaber.net\/index.php?rest_route=\/wp\/v2\/media\/4587"}],"wp:attachment":[{"href":"https:\/\/anhaber.net\/index.php?rest_route=%2Fwp%2Fv2%2Fmedia&parent=4586"}],"wp:term":[{"taxonomy":"category","embeddable":true,"href":"https:\/\/anhaber.net\/index.php?rest_route=%2Fwp%2Fv2%2Fcategories&post=4586"},{"taxonomy":"post_tag","embeddable":true,"href":"https:\/\/anhaber.net\/index.php?rest_route=%2Fwp%2Fv2%2Ftags&post=4586"}],"curies":[{"name":"wp","href":"https:\/\/api.w.org\/{rel}","templated":true}]}}