{"id":4570,"date":"2026-06-22T18:50:29","date_gmt":"2026-06-22T18:50:29","guid":{"rendered":"https:\/\/anhaber.net\/?p=4570"},"modified":"2026-06-23T11:43:51","modified_gmt":"2026-06-23T11:43:51","slug":"modul-istanbul-fashion-talksta-unlu-tasarimcilari-agirliyor","status":"publish","type":"post","link":"https:\/\/anhaber.net\/?p=4570","title":{"rendered":"Mod\u00fcl \u0130stanbul Fashion Talks\u2019ta \u00dcnl\u00fc Tasar\u0131mc\u0131lar\u0131 A\u011f\u0131rl\u0131yor!"},"content":{"rendered":"\n<p class=\"wp-block-paragraph\">Farkl\u0131 disiplinlerden tasar\u0131mc\u0131lar\u0131 ve \u00f6zg\u00fcn \u00fcretimleri bir araya getiren, tasar\u0131m\u0131<br>eri\u015filebilir, ke\u015ffedilebilir ve ya\u015fanabilir hale getirmeyi hedefleyen Mod\u00fcl \u0130stanbul, The<br>Designer Edit Etkinlikleri kapsam\u0131nda T\u00fcrkiye\u2019nin \u00f6nce gelen moda tasar\u0131mc\u0131lar\u0131n\u0131n<br>\u00f6zel koleksiyonlar\u0131n\u0131n yer ald\u0131\u011f\u0131 Pop-Up ma\u011fazalar\u0131na ve sohbet g\u00fcnlerine ev<br>sahipli\u011fi yap\u0131yor.<\/p>\n\n\n\n<p class=\"wp-block-paragraph\"><\/p>\n\n\n\n<figure class=\"wp-block-image size-large is-resized\"><img fetchpriority=\"high\" decoding=\"async\" width=\"683\" height=\"1024\" src=\"https:\/\/anhaber.net\/wp-content\/uploads\/2026\/06\/Arzu-Kaprol_FW_208-683x1024.jpeg\" alt=\"\" class=\"wp-image-4571\" style=\"aspect-ratio:0.6670011166313337;width:354px;height:auto\" srcset=\"https:\/\/anhaber.net\/wp-content\/uploads\/2026\/06\/Arzu-Kaprol_FW_208-683x1024.jpeg 683w, https:\/\/anhaber.net\/wp-content\/uploads\/2026\/06\/Arzu-Kaprol_FW_208-200x300.jpeg 200w, https:\/\/anhaber.net\/wp-content\/uploads\/2026\/06\/Arzu-Kaprol_FW_208-768x1151.jpeg 768w, https:\/\/anhaber.net\/wp-content\/uploads\/2026\/06\/Arzu-Kaprol_FW_208-1024x1536.jpeg 1024w, https:\/\/anhaber.net\/wp-content\/uploads\/2026\/06\/Arzu-Kaprol_FW_208-1366x2048.jpeg 1366w, https:\/\/anhaber.net\/wp-content\/uploads\/2026\/06\/Arzu-Kaprol_FW_208.jpeg 1528w\" sizes=\"(max-width: 683px) 100vw, 683px\" \/><\/figure>\n\n\n\n<p class=\"wp-block-paragraph\"><br>Mod\u00fcl \u0130stanbul X MTD Moda Tasar\u0131mc\u0131lar\u0131 Derne\u011fi i\u015fbirli\u011fi ile 10 Temmuz\u2019a kadar<br>s\u00fcrecek The Designer Edit, moda yazar\u0131 ve kreatif direkt\u00f6r \u00dcmit Temur\u00e7in\u2019in<br>moderat\u00f6rl\u00fc\u011f\u00fcnde her sal\u0131 Fashion Talks\u2019ta \u00f6zel isimleri a\u011f\u0131rl\u0131yor. Sekt\u00f6r\u00fcn \u00f6nde<br>gelen isimleri ayn\u0131 sahnede bulu\u015fturan Fashion Talks\u2019a ge\u00e7en hafta moda yazar\u0131<br>Nesli\u015fah Ayg\u00f6ren, tasar\u0131mc\u0131 \u00d6zlem Erkan, tasar\u0131mc\u0131 Niyazi Erdo\u011fan konu\u015fmac\u0131<br>olarak kat\u0131ld\u0131. 23 Haziran, 17.00\u2019de ger\u00e7ekle\u015fecek Vol.2 etkinli\u011finde tasar\u0131mc\u0131 Arzu<br>Kaprol, moda yazar\u0131 \u0130dil Demirel, marka stratejisti Joelle Dana Bi\u00e7a\u00e7i, yay\u0131n<br>y\u00f6netmeni-moda edit\u00f6r\u00fc Salih Devrim, oyuncu-yap\u0131mc\u0131 Selin Yeninci konuk oluyor.<br>\u0130lham veren s\u00f6yle\u015filerin ard\u0131ndan Fashion Styling Party ile moda dolu ak\u015fam Mod\u00fcl<br>\u0130stanbul\u2019da ya\u015fanacak.<\/p>\n\n\n\n<figure class=\"wp-block-image size-large is-resized\"><img decoding=\"async\" width=\"1024\" height=\"683\" src=\"https:\/\/anhaber.net\/wp-content\/uploads\/2026\/06\/Fashion-Talks-Vol.1-Konusmacilari_-Umit-Temurcin_Neslisah-Aygoren_Ozlem-Erkan_Niyazi-Erdogan--1024x683.jpg\" alt=\"\" class=\"wp-image-4572\" style=\"aspect-ratio:1.4992888417882142;width:685px;height:auto\" srcset=\"https:\/\/anhaber.net\/wp-content\/uploads\/2026\/06\/Fashion-Talks-Vol.1-Konusmacilari_-Umit-Temurcin_Neslisah-Aygoren_Ozlem-Erkan_Niyazi-Erdogan--1024x683.jpg 1024w, https:\/\/anhaber.net\/wp-content\/uploads\/2026\/06\/Fashion-Talks-Vol.1-Konusmacilari_-Umit-Temurcin_Neslisah-Aygoren_Ozlem-Erkan_Niyazi-Erdogan--300x200.jpg 300w, https:\/\/anhaber.net\/wp-content\/uploads\/2026\/06\/Fashion-Talks-Vol.1-Konusmacilari_-Umit-Temurcin_Neslisah-Aygoren_Ozlem-Erkan_Niyazi-Erdogan--768x512.jpg 768w, https:\/\/anhaber.net\/wp-content\/uploads\/2026\/06\/Fashion-Talks-Vol.1-Konusmacilari_-Umit-Temurcin_Neslisah-Aygoren_Ozlem-Erkan_Niyazi-Erdogan--1536x1024.jpg 1536w, https:\/\/anhaber.net\/wp-content\/uploads\/2026\/06\/Fashion-Talks-Vol.1-Konusmacilari_-Umit-Temurcin_Neslisah-Aygoren_Ozlem-Erkan_Niyazi-Erdogan--2048x1366.jpg 2048w\" sizes=\"(max-width: 1024px) 100vw, 1024px\" \/><\/figure>\n\n\n\n<p class=\"wp-block-paragraph\"><br>Mod\u00fcl \u0130stanbul, tasar\u0131m\u0131n, yarat\u0131c\u0131l\u0131\u011f\u0131n ve modan\u0131n gelece\u011finin konu\u015fulaca\u011f\u0131 bu \u00f6zel<br>bulu\u015fmaya t\u00fcm moda severleri davet ediyor.<br>Adres: MOD\u00dcL \u0130STANBUL<br>42 Maslak, Ahi Evran Cad. No: 6, 42 AVM, 5. Kat, Mod\u00fcl \u0130stanbul<br>Mod\u00fcl \u0130stanbul Hakk\u0131nda<br>Mod\u00fcl, farkl\u0131 disiplinlerden tasar\u0131mc\u0131lar\u0131 ve \u00f6zg\u00fcn \u00fcretimleri bir araya getiren, se\u00e7ili bir perakende ve<br>deneyim platformudur. Ama\u00e7, yaln\u0131zca \u00fcr\u00fcn sunmak de\u011fil, tasar\u0131m\u0131 eri\u015filebilir, ke\u015ffedilebilir ve<br>ya\u015fanabilir hale getirmektir.<br>Moda, obje, aksesuar ve ya\u015fam \u00fcr\u00fcnlerinden olu\u015fan se\u00e7kisiyle Mod\u00fcl, ba\u011f\u0131ms\u0131z tasar\u0131mc\u0131lar\u0131n<br>\u00fcretimlerini g\u00f6r\u00fcn\u00fcr k\u0131lar ve kullan\u0131c\u0131 ile do\u011frudan bir ba\u011f kurar. Her \u00fcr\u00fcn, yaln\u0131zca estetik bir nesne<br>de\u011fil, arkas\u0131nda bir fikir ve \u00fcretim hik\u00e2yesi ta\u015f\u0131yan bir par\u00e7ad\u0131r. Mod\u00fcl i\u00e7in ma\u011faza, yaln\u0131zca bir sat\u0131\u015f<br>alan\u0131 de\u011fildir. S\u00fcrekli de\u011fi\u015fen i\u00e7erikler, k\u00fcrasyon yakla\u015f\u0131m\u0131 ve d\u00f6nemsel yerle\u015fimlerle ya\u015fayan bir alan<br>olarak kurgulan\u0131r. Ziyaret\u00e7i, yaln\u0131zca al\u0131\u015fveri\u015f yapan de\u011fil, ke\u015ffeden ve deneyimleyen bir kat\u0131l\u0131mc\u0131ya<br>d\u00f6n\u00fc\u015f\u00fcr. Bu yakla\u015f\u0131m, Mod\u00fcl\u2019\u00fc sabit bir perakende yap\u0131s\u0131ndan \u00e7\u0131kararak, tasar\u0131m ile kullan\u0131c\u0131 aras\u0131nda<br>dinamik bir kar\u015f\u0131la\u015fma alan\u0131na d\u00f6n\u00fc\u015ft\u00fcr\u00fcr. Farkl\u0131 disiplinlerin bir araya geldi\u011fi bu yap\u0131, hem<br>tasar\u0131mc\u0131lar i\u00e7in bir g\u00f6r\u00fcn\u00fcrl\u00fck alan\u0131 hem de ziyaret\u00e7iler i\u00e7in ilham veren bir deneyim sunar. Mod\u00fcl<br>Ma\u011fazac\u0131l\u0131k, tasar\u0131m\u0131 yaln\u0131zca sergilemez, onu g\u00fcndelik ya\u015fam\u0131n do\u011fal bir par\u00e7as\u0131 haline getiren bir<br>platform olarak geli\u015fmeye devam eder.<br><\/p>\n\n\n\n<p class=\"wp-block-paragraph\"><\/p>\n","protected":false},"excerpt":{"rendered":"<p>Farkl\u0131 disiplinlerden tasar\u0131mc\u0131lar\u0131 ve \u00f6zg\u00fcn \u00fcretimleri bir araya getiren, tasar\u0131m\u0131eri\u015filebilir, ke\u015ffedilebilir ve ya\u015fanabilir hale getirmeyi hedefleyen Mod\u00fcl \u0130stanbul, TheDesigner Edit Etkinlikleri kapsam\u0131nda T\u00fcrkiye\u2019nin \u00f6nce gelen moda tasar\u0131mc\u0131lar\u0131n\u0131n\u00f6zel koleksiyonlar\u0131n\u0131n yer ald\u0131\u011f\u0131 Pop-Up ma\u011fazalar\u0131na ve sohbet g\u00fcnlerine evsahipli\u011fi yap\u0131yor. Mod\u00fcl \u0130stanbul X MTD Moda Tasar\u0131mc\u0131lar\u0131 Derne\u011fi i\u015fbirli\u011fi ile 10 Temmuz\u2019a kadars\u00fcrecek The Designer Edit, moda yazar\u0131 ve [&hellip;]<\/p>\n","protected":false},"author":3,"featured_media":4573,"comment_status":"open","ping_status":"open","sticky":false,"template":"","format":"standard","meta":{"footnotes":""},"categories":[45,10],"tags":[],"class_list":["post-4570","post","type-post","status-publish","format-standard","has-post-thumbnail","hentry","category-manset","category-moda-haberleri"],"aioseo_notices":[],"_links":{"self":[{"href":"https:\/\/anhaber.net\/index.php?rest_route=\/wp\/v2\/posts\/4570","targetHints":{"allow":["GET"]}}],"collection":[{"href":"https:\/\/anhaber.net\/index.php?rest_route=\/wp\/v2\/posts"}],"about":[{"href":"https:\/\/anhaber.net\/index.php?rest_route=\/wp\/v2\/types\/post"}],"author":[{"embeddable":true,"href":"https:\/\/anhaber.net\/index.php?rest_route=\/wp\/v2\/users\/3"}],"replies":[{"embeddable":true,"href":"https:\/\/anhaber.net\/index.php?rest_route=%2Fwp%2Fv2%2Fcomments&post=4570"}],"version-history":[{"count":2,"href":"https:\/\/anhaber.net\/index.php?rest_route=\/wp\/v2\/posts\/4570\/revisions"}],"predecessor-version":[{"id":4580,"href":"https:\/\/anhaber.net\/index.php?rest_route=\/wp\/v2\/posts\/4570\/revisions\/4580"}],"wp:featuredmedia":[{"embeddable":true,"href":"https:\/\/anhaber.net\/index.php?rest_route=\/wp\/v2\/media\/4573"}],"wp:attachment":[{"href":"https:\/\/anhaber.net\/index.php?rest_route=%2Fwp%2Fv2%2Fmedia&parent=4570"}],"wp:term":[{"taxonomy":"category","embeddable":true,"href":"https:\/\/anhaber.net\/index.php?rest_route=%2Fwp%2Fv2%2Fcategories&post=4570"},{"taxonomy":"post_tag","embeddable":true,"href":"https:\/\/anhaber.net\/index.php?rest_route=%2Fwp%2Fv2%2Ftags&post=4570"}],"curies":[{"name":"wp","href":"https:\/\/api.w.org\/{rel}","templated":true}]}}