{"id":4565,"date":"2026-06-22T18:45:44","date_gmt":"2026-06-22T18:45:44","guid":{"rendered":"https:\/\/anhaber.net\/?p=4565"},"modified":"2026-06-22T18:45:44","modified_gmt":"2026-06-22T18:45:44","slug":"barajdan-sizanlarkamu-programlari-26-haziran-2026-salt-beyoglu","status":"publish","type":"post","link":"https:\/\/anhaber.net\/?p=4565","title":{"rendered":"Barajdan S\u0131zanlarKamu Programlar\u0131 \/ 26 Haziran 2026 Salt Beyo\u011flu"},"content":{"rendered":"\n<p class=\"wp-block-paragraph\">Salt Beyo\u011flu\u2019ndaki \u201cBarajdan S\u0131zanlar\u201d sergisinde yer alan sanat\u00e7\u0131lardan<br>Yelta K\u00f6m, 26 Haziran Cuma g\u00fcn\u00fc bir konu\u015fma ger\u00e7ekle\u015ftirecek.<br>Salt\u2019\u0131n Barajdan S\u0131zanlar sergisi, Do\u011fu Akdeniz\u2019den K\u00f6rfez B\u00f6lgesi\u2019ne uzanan bir co\u011frafyada<br>arazinin haf\u0131za ve ar\u015fivle ili\u015fkisini merkeze al\u0131yor. Barajlar, kanallar, petrol kuyular\u0131, jeotermal<br>santraller, g\u00f6zetim sistemleri ve ileti\u015fim a\u011flar\u0131n\u0131n hem fiziksel peyzaj\u0131 hem de onun etraf\u0131nda<br>\u015fekillenen toplumsal ve k\u00fclt\u00fcrel ba\u011flar\u0131 nas\u0131l d\u00f6n\u00fc\u015ft\u00fcrd\u00fc\u011f\u00fcn\u00fcn izini s\u00fcr\u00fcyor. Ad\u0131n\u0131 insan<br>haklar\u0131 avukat\u0131 Noura Erakat\u2019\u0131n \u201cBaraj\u0131 yar\u0131p ge\u00e7iyoruz; m\u00fccadeleye devam edin\u201d s\u00f6z\u00fcnden<br>alan sergi, altyap\u0131lar\u0131 sadece bir tahakk\u00fcm arac\u0131 olarak de\u011fil, s\u0131z\u0131nt\u0131lar\u0131n ve direni\u015fin metaforu<br>olarak konumland\u0131r\u0131yor.<br>Sergide yer alan sanat\u00e7\u0131lardan Yelta K\u00f6m, 26 Haziran Cuma saat 19.00\u2019da Salt<br>Beyo\u011flu\u2019ndaki A\u00e7\u0131k Sinema\u2019da bir konu\u015fma ger\u00e7ekle\u015ftirecek. Sanat\u00e7\u0131, 2020 y\u0131l\u0131nda \u00fczerinde<br>\u00e7al\u0131\u015fmaya ba\u015flad\u0131\u011f\u0131 Kentsel G\u00f6zetim B\u00fcrosu projesinden sergide sunulan hep seninleydim<br>(2026) i\u015fine uzanan s\u00fcre\u00e7te \u00e7e\u015fitlenen prati\u011finden bahsedecek. Urban Blockade Atlas (2016),<br>Her \u015fey tan\u0131d\u0131k, her \u015fey yabanc\u0131 (2023) gibi i\u015flerine de de\u011finerek g\u00f6zetim a\u011flar\u0131, \u201caltyap\u0131<br>fosilleri\u201d, kurmaca ger\u00e7eklikler, \u015fiir ve Beyo\u011flu\u2019nun katmanl\u0131 haberle\u015fme tarihini ele alacak.<br>Ayr\u0131ca, bu tahayy\u00fcllerin Dicle Nehri \u00e7evresindeki baraj co\u011frafyalar\u0131yla kurdu\u011fu ili\u015fkiyi<br>tart\u0131\u015fmaya a\u00e7acak; \u00fcyesi oldu\u011fu Arazi Kolektifi ile \u00fcretti\u011fi \u00e7al\u0131\u015fmalar \u00fczerinden toprak, ar\u015fiv ve<br>bellek aras\u0131ndaki ba\u011flant\u0131lar\u0131 g\u00f6zden ge\u00e7irecek.<br>Barajdan S\u0131zanlar kapsam\u0131ndaki Salt Yorumlama etkinlikleri, 23 Temmuz Per\u015fembe saat<br>18.30\u2019da ger\u00e7ekle\u015ftirilecek sergi turu ile devam edecek. Ortaokul ve lise \u00f6\u011frencilerine \u00f6zel<br>olarak haz\u0131rlanan turlarda ise \u00f6\u011frencilerin ele\u015ftirel ve yarat\u0131c\u0131 d\u00fc\u015f\u00fcnceye dayal\u0131 \u00f6\u011frenme<br>olanaklar\u0131n\u0131n geli\u015ftirilmesi ama\u00e7lan\u0131yor. Umut Ceyhan Akyol\u2019un rehberli\u011finde, 26 Haziran\u2019a<br>dek devam eden bu turlarda haf\u0131za, co\u011frafya, insan m\u00fcdahalesi gibi kavramlar, sergide yer<br>alan i\u015fler \u00fczerinden yorumlamaya a\u00e7\u0131l\u0131yor. Herkese a\u00e7\u0131k ve \u00fccretsiz sergi turlar\u0131 hakk\u0131nda<br>ayr\u0131nt\u0131l\u0131 bilgi ve rezervasyon i\u00e7in: saltonline.org.<br>Barajdan S\u0131zanlar, Hollanda Krall\u0131\u011f\u0131 ve Feltouch\u2019\u0131n deste\u011fi; Asya International Movers,<br>Bankerhan Hotel, Eureko Sigorta ve Jotun\u2019un katk\u0131lar\u0131yla ger\u00e7ekle\u015ftirilmektedir.<\/p>\n\n\n\n<p class=\"wp-block-paragraph\">G\u00d6RSEL KRED\u0130LER\u0130<br>1.<br>Yelta K\u00f6m, hep seninleydim (2026), Barajdan S\u0131zanlar sergisinden g\u00f6r\u00fcn\u00fcm, Salt Beyo\u011flu,<br>2026<\/p>\n\n\n\n<figure class=\"wp-block-image size-large\"><img fetchpriority=\"high\" decoding=\"async\" width=\"1024\" height=\"683\" src=\"https:\/\/anhaber.net\/wp-content\/uploads\/2026\/06\/1-1-1024x683.jpg\" alt=\"\" class=\"wp-image-4566\" srcset=\"https:\/\/anhaber.net\/wp-content\/uploads\/2026\/06\/1-1-1024x683.jpg 1024w, https:\/\/anhaber.net\/wp-content\/uploads\/2026\/06\/1-1-300x200.jpg 300w, https:\/\/anhaber.net\/wp-content\/uploads\/2026\/06\/1-1-768x512.jpg 768w, https:\/\/anhaber.net\/wp-content\/uploads\/2026\/06\/1-1-1536x1024.jpg 1536w, https:\/\/anhaber.net\/wp-content\/uploads\/2026\/06\/1-1-2048x1366.jpg 2048w\" sizes=\"(max-width: 1024px) 100vw, 1024px\" \/><\/figure>\n\n\n\n<p class=\"wp-block-paragraph\"><br>Foto\u011fraf: Metean Bars (Salt)<\/p>\n\n\n\n<figure class=\"wp-block-image size-large\"><img decoding=\"async\" width=\"1024\" height=\"683\" src=\"https:\/\/anhaber.net\/wp-content\/uploads\/2026\/06\/2-2-1024x683.jpg\" alt=\"\" class=\"wp-image-4567\" srcset=\"https:\/\/anhaber.net\/wp-content\/uploads\/2026\/06\/2-2-1024x683.jpg 1024w, https:\/\/anhaber.net\/wp-content\/uploads\/2026\/06\/2-2-300x200.jpg 300w, https:\/\/anhaber.net\/wp-content\/uploads\/2026\/06\/2-2-768x512.jpg 768w, https:\/\/anhaber.net\/wp-content\/uploads\/2026\/06\/2-2-1536x1024.jpg 1536w, https:\/\/anhaber.net\/wp-content\/uploads\/2026\/06\/2-2-2048x1365.jpg 2048w\" sizes=\"(max-width: 1024px) 100vw, 1024px\" \/><\/figure>\n\n\n\n<p class=\"wp-block-paragraph\"><br>2-3.<br>Yelta K\u00f6m\u2019\u00fcn Barajdan S\u0131zanlar sergisinde yer alan hep seninleydim (2026) i\u015finden detay,<br>Salt Beyo\u011flu, 2026<br>Foto\u011fraf: Metean Bars (Salt)<\/p>\n\n\n\n<figure class=\"wp-block-image size-large\"><img decoding=\"async\" width=\"1024\" height=\"683\" src=\"https:\/\/anhaber.net\/wp-content\/uploads\/2026\/06\/3-2-1024x683.jpg\" alt=\"\" class=\"wp-image-4568\" srcset=\"https:\/\/anhaber.net\/wp-content\/uploads\/2026\/06\/3-2-1024x683.jpg 1024w, https:\/\/anhaber.net\/wp-content\/uploads\/2026\/06\/3-2-300x200.jpg 300w, https:\/\/anhaber.net\/wp-content\/uploads\/2026\/06\/3-2-768x512.jpg 768w, https:\/\/anhaber.net\/wp-content\/uploads\/2026\/06\/3-2-1536x1024.jpg 1536w, https:\/\/anhaber.net\/wp-content\/uploads\/2026\/06\/3-2-2048x1365.jpg 2048w\" sizes=\"(max-width: 1024px) 100vw, 1024px\" \/><\/figure>\n","protected":false},"excerpt":{"rendered":"<p>Salt Beyo\u011flu\u2019ndaki \u201cBarajdan S\u0131zanlar\u201d sergisinde yer alan sanat\u00e7\u0131lardanYelta K\u00f6m, 26 Haziran Cuma g\u00fcn\u00fc bir konu\u015fma ger\u00e7ekle\u015ftirecek.Salt\u2019\u0131n Barajdan S\u0131zanlar sergisi, Do\u011fu Akdeniz\u2019den K\u00f6rfez B\u00f6lgesi\u2019ne uzanan bir co\u011frafyadaarazinin haf\u0131za ve ar\u015fivle ili\u015fkisini merkeze al\u0131yor. Barajlar, kanallar, petrol kuyular\u0131, jeotermalsantraller, g\u00f6zetim sistemleri ve ileti\u015fim a\u011flar\u0131n\u0131n hem fiziksel peyzaj\u0131 hem de onun etraf\u0131nda\u015fekillenen toplumsal ve k\u00fclt\u00fcrel ba\u011flar\u0131 nas\u0131l d\u00f6n\u00fc\u015ft\u00fcrd\u00fc\u011f\u00fcn\u00fcn [&hellip;]<\/p>\n","protected":false},"author":3,"featured_media":4566,"comment_status":"open","ping_status":"open","sticky":false,"template":"","format":"standard","meta":{"footnotes":""},"categories":[4,45,12],"tags":[],"class_list":["post-4565","post","type-post","status-publish","format-standard","has-post-thumbnail","hentry","category-kultur-haberleri","category-manset","category-sanat-haberleri"],"aioseo_notices":[],"_links":{"self":[{"href":"https:\/\/anhaber.net\/index.php?rest_route=\/wp\/v2\/posts\/4565","targetHints":{"allow":["GET"]}}],"collection":[{"href":"https:\/\/anhaber.net\/index.php?rest_route=\/wp\/v2\/posts"}],"about":[{"href":"https:\/\/anhaber.net\/index.php?rest_route=\/wp\/v2\/types\/post"}],"author":[{"embeddable":true,"href":"https:\/\/anhaber.net\/index.php?rest_route=\/wp\/v2\/users\/3"}],"replies":[{"embeddable":true,"href":"https:\/\/anhaber.net\/index.php?rest_route=%2Fwp%2Fv2%2Fcomments&post=4565"}],"version-history":[{"count":1,"href":"https:\/\/anhaber.net\/index.php?rest_route=\/wp\/v2\/posts\/4565\/revisions"}],"predecessor-version":[{"id":4569,"href":"https:\/\/anhaber.net\/index.php?rest_route=\/wp\/v2\/posts\/4565\/revisions\/4569"}],"wp:featuredmedia":[{"embeddable":true,"href":"https:\/\/anhaber.net\/index.php?rest_route=\/wp\/v2\/media\/4566"}],"wp:attachment":[{"href":"https:\/\/anhaber.net\/index.php?rest_route=%2Fwp%2Fv2%2Fmedia&parent=4565"}],"wp:term":[{"taxonomy":"category","embeddable":true,"href":"https:\/\/anhaber.net\/index.php?rest_route=%2Fwp%2Fv2%2Fcategories&post=4565"},{"taxonomy":"post_tag","embeddable":true,"href":"https:\/\/anhaber.net\/index.php?rest_route=%2Fwp%2Fv2%2Ftags&post=4565"}],"curies":[{"name":"wp","href":"https:\/\/api.w.org\/{rel}","templated":true}]}}